{"id":125844,"date":"2024-01-29T10:23:58","date_gmt":"2024-01-29T15:23:58","guid":{"rendered":"http:\/\/elcuartopoder.com.mx\/nw\/?p=125844"},"modified":"2024-01-29T10:24:03","modified_gmt":"2024-01-29T15:24:03","slug":"dos-gemelas-vendidas-de-bebes-se-encuentran-por-un-video-de-tiktok-y-destapan-el-mayor-escandalo-de-ninos-robados-en-georgia","status":"publish","type":"post","link":"http:\/\/elcuartopoder.com.mx\/nw\/destacadas\/dos-gemelas-vendidas-de-bebes-se-encuentran-por-un-video-de-tiktok-y-destapan-el-mayor-escandalo-de-ninos-robados-en-georgia\/","title":{"rendered":"Dos gemelas &#8216;vendidas&#8217; de beb\u00e9s se encuentran por un v\u00eddeo de TikTok y destapan el mayor esc\u00e1ndalo de ni\u00f1os robados en Georgia"},"content":{"rendered":"\n<p>Cuando a los 12 a\u00f1os&nbsp;<strong>Amy Khvitia<\/strong>&nbsp;vio a una ni\u00f1a id\u00e9ntica a ella participar en &#8216;Georgia&#8217;s Got Talent&#8217; no le dio excesiva importancia. Coment\u00f3 a sus padres la sorprendente curiosidad, pero ellos se limitaron a decirle que \u00abtodo el mundo tiene un doble\u00bb. En aquel momento no ten\u00eda idea de la historia que hab\u00eda detr\u00e1s de su nacimiento.<\/p>\n\n\n\n<p>En paralelo, siete a\u00f1os despu\u00e9s, en 2021 en Tiflis, a 320 kil\u00f3metros de la casa de Amy,&nbsp;<strong>Ano recib\u00eda un v\u00eddeo de TikTok<\/strong>&nbsp;de un amigo que no pod\u00eda creer el parecido que ella ten\u00eda con la protagonista. En ese momento, comenz\u00f3 a sospechar.<\/p>\n\n\n\n<p>Este es el germen de c\u00f3mo dos chicas de 19 a\u00f1os -22 en la actualidad- sirvieron de mecha para destapar uno de los casos de ni\u00f1os robados m\u00e1s escandalosos del mundo y que se cree que se perpetr\u00f3\u00a0<strong>entre 1950 y 2005<\/strong>, con alrededor de 100.000 beb\u00e9s con las circunstancias de su nacimiento en entredicho.<\/p>\n\n\n\n<p>Ano logr\u00f3 dar con Amy quien inmediatamenre record\u00f3 -no le cost\u00f3 mucho, la historia no se le hab\u00eda ido nunca de la cabeza- a\u00a0<strong>la chica que vio a\u00f1os antes en el programa<\/strong>\u00a0de talentos estrella de la televisi\u00f3n.<\/p>\n\n\n\n<h3 class=\"wp-block-heading\">La verdad sale a la luz<\/h3>\n\n\n\n<p>En este punto de la historia ambas decidieron reclamar la verdad a sus familias que admitieron adoptar a las ni\u00f1as&nbsp;<strong>previo pago a los m\u00e9dicos<\/strong>&nbsp;aunque, eso s\u00ed, desconoc\u00edan que se trataba de algo ilegal al entender que, al ser una gesti\u00f3n hecha directamente con el hospital, nada pod\u00eda estar fuera de la ley. Tampoco sab\u00edan, seg\u00fan contaron, que la ni\u00f1a que se estaban llevando a casa en ambos casos ten\u00eda una hermana.<\/p>\n\n\n\n<p>A ra\u00edz de esto, las dos chicas trabajaron duro para tratar de encontrar a su madre biol\u00f3gica y conocer toda la verdad. Para ello, accedieron a&nbsp;<strong>un grupo de Facebook<\/strong>&nbsp;que se dedicaba a conectar familias, en muchos de los casos ni\u00f1os robados dado el problema que el pa\u00eds arrastraba y del que el Gobierno empezaba a ser consciente.<\/p>\n\n\n\n<p>La periodista&nbsp;<strong>Tamuna Museridze<\/strong>&nbsp;era la encargada de administrar esa comunidad en su af\u00e1n por destapar los esc\u00e1ndalos relacionados con esta pr\u00e1ctica.<\/p>\n\n\n\n<p>Entre post y post, Amy y Ano dieron con una chica que viv\u00eda en Alemania y cuya madre, contaba, hab\u00eda tenido gemelas antes de tenerla a ella.<strong>&nbsp;Aza<\/strong>, como se llama la madre, viv\u00eda con la enorme pena de haber perdido a las ni\u00f1as: los m\u00e9dicos le dijeron que, mientras ella se recuperaba de las complicaciones del parto, hab\u00edan fallecido.<\/p>\n\n\n\n<p>Una vez que la historia salt\u00f3 a los titulares fueron apareciendo infinidad de casos similares que llevaron al Ejecutivo a tomar cartas en el asunto en 2022, realizando una serie de detenciones relacionadas.\u00a0Desde el Ministerio del Interior georgiano se niegan a ofrecer m\u00e1s detalles para proteger a los implicados, pero la investigaci\u00f3n sigue su curso.<\/p>\n\n\n\n<p>Ahora, Amy y Ano conocen toda la verdad y han logrado\u00a0<strong>encontrarse con su madre biol\u00f3gica<\/strong>\u00a0con quien mantienen contacto y cuyo pasado les ha servido para completar el puzzle.<\/p>\n\n\n\n<p>Fuente: ABC<\/p>\n","protected":false},"excerpt":{"rendered":"<p>Cuando a los 12 a\u00f1os&nbsp;Amy Khvitia&nbsp;vio a una ni\u00f1a id\u00e9ntica a ella participar en &#8216;Georgia&#8217;s Got Talent&#8217; no le dio excesiva importancia. Coment\u00f3 a sus padres la sorprendente curiosidad, pero ellos se limitaron a decirle que \u00abtodo el mundo tiene un doble\u00bb. En aquel momento no ten\u00eda idea de la historia que hab\u00eda detr\u00e1s de [&hellip;]<\/p>\n","protected":false},"author":2,"featured_media":125845,"comment_status":"open","ping_status":"open","sticky":false,"template":"","format":"standard","meta":{"footnotes":""},"categories":[59],"tags":[],"class_list":["post-125844","post","type-post","status-publish","format-standard","has-post-thumbnail","hentry","category-destacadas"],"_links":{"self":[{"href":"http:\/\/elcuartopoder.com.mx\/nw\/wp-json\/wp\/v2\/posts\/125844","targetHints":{"allow":["GET"]}}],"collection":[{"href":"http:\/\/elcuartopoder.com.mx\/nw\/wp-json\/wp\/v2\/posts"}],"about":[{"href":"http:\/\/elcuartopoder.com.mx\/nw\/wp-json\/wp\/v2\/types\/post"}],"author":[{"embeddable":true,"href":"http:\/\/elcuartopoder.com.mx\/nw\/wp-json\/wp\/v2\/users\/2"}],"replies":[{"embeddable":true,"href":"http:\/\/elcuartopoder.com.mx\/nw\/wp-json\/wp\/v2\/comments?post=125844"}],"version-history":[{"count":1,"href":"http:\/\/elcuartopoder.com.mx\/nw\/wp-json\/wp\/v2\/posts\/125844\/revisions"}],"predecessor-version":[{"id":125846,"href":"http:\/\/elcuartopoder.com.mx\/nw\/wp-json\/wp\/v2\/posts\/125844\/revisions\/125846"}],"wp:featuredmedia":[{"embeddable":true,"href":"http:\/\/elcuartopoder.com.mx\/nw\/wp-json\/wp\/v2\/media\/125845"}],"wp:attachment":[{"href":"http:\/\/elcuartopoder.com.mx\/nw\/wp-json\/wp\/v2\/media?parent=125844"}],"wp:term":[{"taxonomy":"category","embeddable":true,"href":"http:\/\/elcuartopoder.com.mx\/nw\/wp-json\/wp\/v2\/categories?post=125844"},{"taxonomy":"post_tag","embeddable":true,"href":"http:\/\/elcuartopoder.com.mx\/nw\/wp-json\/wp\/v2\/tags?post=125844"}],"curies":[{"name":"wp","href":"https:\/\/api.w.org\/{rel}","templated":true}]}}