{"id":125856,"date":"2024-01-29T10:38:37","date_gmt":"2024-01-29T15:38:37","guid":{"rendered":"http:\/\/elcuartopoder.com.mx\/nw\/?p=125856"},"modified":"2024-01-29T10:38:41","modified_gmt":"2024-01-29T15:38:41","slug":"victimas-del-holocausto-cuantos-sobrevientes-viven-en-mexico-esto-dice-estudio","status":"publish","type":"post","link":"http:\/\/elcuartopoder.com.mx\/nw\/destacadas\/victimas-del-holocausto-cuantos-sobrevientes-viven-en-mexico-esto-dice-estudio\/","title":{"rendered":"V\u00edctimas del Holocausto: \u00bfCu\u00e1ntos sobrevientes viven en M\u00e9xico? Esto dice estudio"},"content":{"rendered":"\n<p>Cada a\u00f1o, el<strong>\u00a027 de ener<\/strong>o se recuerda\u00a0<strong>v\u00edctimas del Holocausto<\/strong>, un genocidio sistem\u00e1tico perpetrado por el r\u00e9gimen nazi durante la Segunda Guerra Mundial.<\/p>\n\n\n\n<p>Este d\u00eda, establecido por la<strong>&nbsp;Asamblea General de las Naciones Unidas<\/strong>&nbsp;en 2005, brinda una oportunidad crucial para reflexionar sobre la tragedia del Holocausto, honrar a las v\u00edctimas y reafirmar el compromiso de combatir el antisemitismo, el odio y la intolerancia en todas sus formas.<\/p>\n\n\n\n<p>80 a\u00f1os despu\u00e9s del final de la Segunda Guerra Mundial, a\u00fan viven unos\u00a0<strong>245,000 sobrevivientes<\/strong>\u00a0del Holocausto en m\u00e1s de 90 pa\u00edses, seg\u00fan un nuevo estudio demogr\u00e1fico publicado esta semana por\u00a0<strong>Claims Conference<\/strong>, una organizaci\u00f3n que exige indemnizaciones para los sobrevivientes del Holocausto, 119,300 de ellos la mayor parte residen en Israel, 38,400 en Estados Unidos, 21,900 en Francia y 14, 200 en Alemania.<\/p>\n\n\n\n<p>En Sudam\u00e9rica y el Caribe quedan en vida unos 700 sobrevivientes, de los cuales 300 en Brasil y 200 en M\u00e9xico.<\/p>\n\n\n\n<h2 class=\"wp-block-heading\">\u00bfCu\u00e1ntos sobrevivientes del Holocausto residen en M\u00e9xico?<\/h2>\n\n\n\n<p>M\u00e9xico registra 1<strong>00 sobrevivientes<\/strong>\u00a0del Holocausto<strong>\u00a0a\u00fan vivos.<\/strong><\/p>\n\n\n\n<p>\u00abCasi todos los sobrevivientes a\u00fan en vida eran ni\u00f1os en el momento de la persecuci\u00f3n nazi, sobrevivieron a campos, guetos, fugas y a la vida en la clandestinidad\u00bb, se\u00f1ala el informe.<\/p>\n\n\n\n<p>Esto pese a que los ni\u00f1os ten\u00edan entonces las \u00abmenos posibilidades de sobrevivir\u00bb, a\u00f1ade el documento.<\/p>\n\n\n\n<p>Con una edad promedio actual de 86 a\u00f1os, los sobrevivientes se encuentran \u00aben un periodo de la vida en el que su necesidad de cuidados y servicios es cada vez mayor\u00bb, afirm\u00f3 Gideon Taylor, presidente de Claims Conference.<\/p>\n\n\n\n<p>Este informe es el m\u00e1s completo de los \u00faltimos a\u00f1os, seg\u00fan la organizaci\u00f3n.<\/p>\n\n\n\n<p>Fundado en 1951, Claims Conference fue signatario del llamado Acuerdo de Luxemburgo, en el que Alemania asumi\u00f3 la responsabilidad de las atrocidades nazis y pag\u00f3 reparaciones.<\/p>\n\n\n\n<p>La firma del acuerdo se consider\u00f3 como su primer gran paso de regreso a la comunidad de naciones tras la Segunda Guerra Mundial.<\/p>\n\n\n\n<p>Desde entonces, el gobierno alem\u00e1n ha pagado m\u00e1s de<strong>&nbsp;90,000 millones de d\u00f3lares<\/strong>, seg\u00fan el grupo.<\/p>\n\n\n\n<p>En total<strong>&nbsp;seis millones de jud\u00edos<\/strong>&nbsp;fueron asesinados en el Holocausto.<\/p>\n\n\n\n<h2 class=\"wp-block-heading\">En memoria de v\u00edctimas del Holocausto: Actividades en CDMX<\/h2>\n\n\n\n<p>En la Ciudad de M\u00e9xico se encuentra el<strong>\u00a0Museo Memoria y Tolerancia<\/strong>\u00a0donde varias actividades que te pueden interesar sobre el\u00a0<strong>Holocausto<\/strong>:<\/p>\n\n\n\n<figure class=\"wp-block-embed\"><div class=\"wp-block-embed__wrapper\">\nhttps:\/\/www.myt.org.mx\/\n<\/div><\/figure>\n\n\n\n<p>En este link se ofrece contenido cronol\u00f3gico sobre el Holocausto:&nbsp;<a href=\"https:\/\/www.myt.org.mx\/memoria\/holocausto\" target=\"_blank\" rel=\"noreferrer noopener\">https:\/\/www.myt.org.mx\/memoria\/holocausto<\/a><\/p>\n\n\n\n<p><strong>Exhibici\u00f3n Permanente de Genocidios del siglo XX:<\/strong>&nbsp;<a href=\"https:\/\/www.myt.org.mx\/sala-memoria\" target=\"_blank\" rel=\"noreferrer noopener\">https:\/\/www.myt.org.mx\/sala-memoria<\/a><\/p>\n\n\n\n<p>La definici\u00f3n de genocidio que se ha adoptado es la de la \u00abConvenci\u00f3n para la Prevenci\u00f3n y la Sanci\u00f3n del Delito de Genocidio\u00bb de 1948. Es por ello que se exhiben aquellos cr\u00edmenes perpetrados a partir del siglo XX que han sido reconocidos como genocidio, o est\u00e1n en proceso de serlo, por tribunales o comisiones de la verdad.<\/p>\n\n\n\n<p><strong>Exhibici\u00f3n: Ana Frank notas de esperanza<\/strong><\/p>\n\n\n\n<p>La historia de Ana Frank representa la de decenas de miles de familias jud\u00edas que resistieron el odio de Hitler escondi\u00e9ndose, pero tambi\u00e9n la de miles de seres comprometidos que decidieron dar un paso adelante y dejar de lado la indiferencia para socorrer a otros, aunque con esto arriesgaran su futuro y sus vidas.<\/p>\n\n\n\n<ul class=\"wp-block-list\"><li>Horarios martes a viernes de 9:00 a 18:00 horas, los fines de semana de 10:00 a 19:00 horas<\/li><li>Boletos: desde 105.00 hasta 140.00 pesos&nbsp;<\/li><\/ul>\n","protected":false},"excerpt":{"rendered":"<p>Cada a\u00f1o, el\u00a027 de enero se recuerda\u00a0v\u00edctimas del Holocausto, un genocidio sistem\u00e1tico perpetrado por el r\u00e9gimen nazi durante la Segunda Guerra Mundial. Este d\u00eda, establecido por la&nbsp;Asamblea General de las Naciones Unidas&nbsp;en 2005, brinda una oportunidad crucial para reflexionar sobre la tragedia del Holocausto, honrar a las v\u00edctimas y reafirmar el compromiso de combatir el [&hellip;]<\/p>\n","protected":false},"author":2,"featured_media":125857,"comment_status":"open","ping_status":"open","sticky":false,"template":"","format":"standard","meta":{"footnotes":""},"categories":[59],"tags":[],"class_list":["post-125856","post","type-post","status-publish","format-standard","has-post-thumbnail","hentry","category-destacadas"],"_links":{"self":[{"href":"http:\/\/elcuartopoder.com.mx\/nw\/wp-json\/wp\/v2\/posts\/125856","targetHints":{"allow":["GET"]}}],"collection":[{"href":"http:\/\/elcuartopoder.com.mx\/nw\/wp-json\/wp\/v2\/posts"}],"about":[{"href":"http:\/\/elcuartopoder.com.mx\/nw\/wp-json\/wp\/v2\/types\/post"}],"author":[{"embeddable":true,"href":"http:\/\/elcuartopoder.com.mx\/nw\/wp-json\/wp\/v2\/users\/2"}],"replies":[{"embeddable":true,"href":"http:\/\/elcuartopoder.com.mx\/nw\/wp-json\/wp\/v2\/comments?post=125856"}],"version-history":[{"count":1,"href":"http:\/\/elcuartopoder.com.mx\/nw\/wp-json\/wp\/v2\/posts\/125856\/revisions"}],"predecessor-version":[{"id":125858,"href":"http:\/\/elcuartopoder.com.mx\/nw\/wp-json\/wp\/v2\/posts\/125856\/revisions\/125858"}],"wp:featuredmedia":[{"embeddable":true,"href":"http:\/\/elcuartopoder.com.mx\/nw\/wp-json\/wp\/v2\/media\/125857"}],"wp:attachment":[{"href":"http:\/\/elcuartopoder.com.mx\/nw\/wp-json\/wp\/v2\/media?parent=125856"}],"wp:term":[{"taxonomy":"category","embeddable":true,"href":"http:\/\/elcuartopoder.com.mx\/nw\/wp-json\/wp\/v2\/categories?post=125856"},{"taxonomy":"post_tag","embeddable":true,"href":"http:\/\/elcuartopoder.com.mx\/nw\/wp-json\/wp\/v2\/tags?post=125856"}],"curies":[{"name":"wp","href":"https:\/\/api.w.org\/{rel}","templated":true}]}}