{"id":125862,"date":"2024-01-29T12:45:56","date_gmt":"2024-01-29T17:45:56","guid":{"rendered":"http:\/\/elcuartopoder.com.mx\/nw\/?p=125862"},"modified":"2024-01-29T12:46:00","modified_gmt":"2024-01-29T17:46:00","slug":"atraccion-de-talento-en-xcaret","status":"publish","type":"post","link":"http:\/\/elcuartopoder.com.mx\/nw\/estatales\/atraccion-de-talento-en-xcaret\/","title":{"rendered":"Atracci\u00f3n de talento en Xcaret"},"content":{"rendered":"\n<p>\u201cDebemos rodearnos de la mejor gente; un excelente equipo humano es nuestra principal fortaleza\u201d, escribe Miguel Quintana Pali en Xue\u00f1os, la historia detr\u00e1s de Xcaret, el mejor parque del mundo, libro que ya es un referente en el sector tur\u00edstico y lleva ocho reimpresiones.<\/p>\n\n\n\n<p>Y s\u00ed, esa ha sido una de las claves de su \u00e9xito: tener un buen equipo. Capacitar y delegar son verbos que vienen en consecuencia.<\/p>\n\n\n\n<p>Durante el 2023, el grupo registr\u00f3 4.7 millones de visitantes, lo que represent\u00f3 un incremento anual del 2.2 por ciento. Al interior del grupo existe la certeza de que ofrecer la mejor experiencia a sus clientes depende de contar con el personal adecuado. Y no escatiman en ello.<\/p>\n\n\n\n<p>A la fecha suman 16,880 colaboradores en todas sus instalaciones y necesitan m\u00e1s. \u00bfCu\u00e1ntos?, los necesarios.<\/p>\n\n\n\n<p>En Facebook se puede leer que buscan a: chaluperos, auxiliares de avituallamiento, operadores de \u00e1reas p\u00fablicas, agentes de call center, ejecutivos de reservaciones, ayudantes de mantenimiento, t\u00e9cnicos en carpinter\u00eda, anfitriones, gu\u00edas marineros, agentes de seguridad, camaristas o pasteleros, entre muchos otros puestos.<\/p>\n\n\n\n<p>En ese periplo no se puede pasar por alto que el 15 de enero realizaron un brunch de talento en el Hotel Xcaret M\u00e9xico y un interesado de la Ciudad de M\u00e9xico pregunt\u00f3 si ten\u00eda alguna posibilidad de ser elegido, por temas de distancia. En respuesta le escribieron: \u00a1Hola! No importa en qu\u00e9 Estado vivas, para nosotros lo m\u00e1s importante es el talento. Puedes consultar nuestras vacantes en \u2026<\/p>\n\n\n\n<p>Adem\u00e1s, este 29 de enero tendr\u00e1n un tour de talentos en las oficinas del embarcadero Canc\u00fan.<\/p>\n\n\n\n<p>Una de las razones por las que buscan personal con tanto af\u00e1n es que este a\u00f1o, se sabe, dar\u00e1n a conocer una \u201cmuy buena noticia\u201d que har\u00e1 historia y permitir\u00e1 una nueva ola de promoci\u00f3n a la marca Xcaret, sin\u00f3nimo de calidad y de buen turismo.<\/p>\n\n\n\n<p>Otra gran \u00e1rea de atracci\u00f3n de talento est\u00e1 a cargo de la Direcci\u00f3n de Arte y Cultura, la cual tiene la bella responsabilidad de promover, conservar, revitalizar y difundir el patrimonio natural y cultural de M\u00e9xico.<\/p>\n\n\n\n<p>En su diaria tarea se hace cargo de la identificaci\u00f3n de expresiones art\u00edsticas, artesanales, sociales, religiosas y festivas tradicionales a nivel regional y nacional. Y las comparten todos los d\u00edas a sus visitantes, comunidad y colaboradores. Muchas de ellas forman parte del Patrimonio Cultural Inmaterial (UNESCO) porque son s\u00edmbolo de nuestra cultura y un orgullo de identidad nacional.<\/p>\n\n\n\n<p>Esa labor se mira con mayor claridad en el Parque Xcaret, en el gran espect\u00e1culo que presentan noche a noche en el foro Gran Tlachco con cientos de artistas.<\/p>\n\n\n\n<p>Con la debida prudencia se ha compartido que es tal la calidad de estos colaboradores que representantes del Cirque du Soleil (los reyes del circo a nivel mundial) tienen puestos sus ojos para llevarse talento a su espect\u00e1culo JOY\u00c1, que se presenta en un sitio no muy lejos de Xcaret.<\/p>\n\n\n\n<p>En un tema aleda\u00f1o, hace unos d\u00edas se inform\u00f3 desde Madrid, Espa\u00f1a, que la entrega de los Premios PLATINO del Audiovisual Iberoamericano se celebrar\u00e1 el pr\u00f3ximo 20 de abril en el Gran Tlachco \u201cdel mexicano Parque Xcaret, en Riviera Maya\u201d. Como muestra de la relevancia del encuentro, entre sus patrocinadores est\u00e1n: Iberia, ONU Turismo (antes la Organizaci\u00f3n Mundial de Turismo), TNT y el Gobierno de Quintana Roo.<\/p>\n\n\n\n<p>Por cierto: \u00bfSabe cu\u00e1l es el aroma de Xcaret?<\/p>\n","protected":false},"excerpt":{"rendered":"<p>\u201cDebemos rodearnos de la mejor gente; un excelente equipo humano es nuestra principal fortaleza\u201d, escribe Miguel Quintana Pali en Xue\u00f1os, la historia detr\u00e1s de Xcaret, el mejor parque del mundo, libro que ya es un referente en el sector tur\u00edstico y lleva ocho reimpresiones. Y s\u00ed, esa ha sido una de las claves de su [&hellip;]<\/p>\n","protected":false},"author":2,"featured_media":125863,"comment_status":"open","ping_status":"open","sticky":false,"template":"","format":"standard","meta":{"footnotes":""},"categories":[60],"tags":[],"class_list":["post-125862","post","type-post","status-publish","format-standard","has-post-thumbnail","hentry","category-estatales"],"_links":{"self":[{"href":"http:\/\/elcuartopoder.com.mx\/nw\/wp-json\/wp\/v2\/posts\/125862","targetHints":{"allow":["GET"]}}],"collection":[{"href":"http:\/\/elcuartopoder.com.mx\/nw\/wp-json\/wp\/v2\/posts"}],"about":[{"href":"http:\/\/elcuartopoder.com.mx\/nw\/wp-json\/wp\/v2\/types\/post"}],"author":[{"embeddable":true,"href":"http:\/\/elcuartopoder.com.mx\/nw\/wp-json\/wp\/v2\/users\/2"}],"replies":[{"embeddable":true,"href":"http:\/\/elcuartopoder.com.mx\/nw\/wp-json\/wp\/v2\/comments?post=125862"}],"version-history":[{"count":1,"href":"http:\/\/elcuartopoder.com.mx\/nw\/wp-json\/wp\/v2\/posts\/125862\/revisions"}],"predecessor-version":[{"id":125864,"href":"http:\/\/elcuartopoder.com.mx\/nw\/wp-json\/wp\/v2\/posts\/125862\/revisions\/125864"}],"wp:featuredmedia":[{"embeddable":true,"href":"http:\/\/elcuartopoder.com.mx\/nw\/wp-json\/wp\/v2\/media\/125863"}],"wp:attachment":[{"href":"http:\/\/elcuartopoder.com.mx\/nw\/wp-json\/wp\/v2\/media?parent=125862"}],"wp:term":[{"taxonomy":"category","embeddable":true,"href":"http:\/\/elcuartopoder.com.mx\/nw\/wp-json\/wp\/v2\/categories?post=125862"},{"taxonomy":"post_tag","embeddable":true,"href":"http:\/\/elcuartopoder.com.mx\/nw\/wp-json\/wp\/v2\/tags?post=125862"}],"curies":[{"name":"wp","href":"https:\/\/api.w.org\/{rel}","templated":true}]}}