{"id":125897,"date":"2024-01-31T08:42:08","date_gmt":"2024-01-31T13:42:08","guid":{"rendered":"http:\/\/elcuartopoder.com.mx\/nw\/?p=125897"},"modified":"2024-01-31T08:42:12","modified_gmt":"2024-01-31T13:42:12","slug":"costosa-obra-en-el-abandono-propone-amlo-sacar-nuevo-dictamen-para-usar-o-demoler-el-auditorio-del-bienestar","status":"publish","type":"post","link":"http:\/\/elcuartopoder.com.mx\/nw\/municipales\/costosa-obra-en-el-abandono-propone-amlo-sacar-nuevo-dictamen-para-usar-o-demoler-el-auditorio-del-bienestar\/","title":{"rendered":"COSTOSA OBRA, EN EL ABANDONO: Propone AMLO sacar nuevo dictamen para usar o demoler el Auditorio del Bienestar"},"content":{"rendered":"\n<p><strong>CIUDAD DE M\u00c9XICO, MX<\/strong>.- El presidente Andr\u00e9s Manuel L\u00f3pez Obrador propuso elaborar un nuevo dictamen para determinar si el Auditorio del Bienestar de Canc\u00fan, construido durante el sexenio de Roberto Borge, puede ser rescatado o es necesario demolerlo para recuperar el terreno, durante su tradicional conferencia de prensa, realizada la ma\u00f1ana de hoy martes.<\/p>\n\n\n\n<p>\u201cMara Lezama (gobernadora de Quintana Roo) habl\u00f3 que se podr\u00eda rescatar. Se dec\u00eda que tiene da\u00f1os estructurales y por eso no lo usaban, pero parece que no\u201d, expres\u00f3 el presidente, y agreg\u00f3 que se tendr\u00eda que realizar un nuevo estudio, para determinar las condiciones en las que se encuentra.<\/p>\n\n\n\n<p>\u201cQue se haga un nuevo dictamen para que se utilice y si no pues a demolerlo y usar el terreno, porque est\u00e1 ubicado en un lugar estrat\u00e9gico en la avenida Colosio que acabamos de rehabilitar\u201d, se\u00f1al\u00f3.<\/p>\n\n\n\n<p>En este auditorio que fue inaugurado el 14 de septiembre del 2016, se invirtieron m\u00e1s de 240 millones de pesos durante el gobierno de Roberto Borge, hoy preso, y fue considerada la obra m\u00e1s costosa de esa administraci\u00f3n.<\/p>\n\n\n\n<p>Posteriormente, durante el gobierno de Carlos Joaqu\u00edn Gonz\u00e1lez el auditorio fue abandonado por supuestos da\u00f1os estructurales y al representar un peligro; sin embargo, en su momento, el inmueble se consider\u00f3 para usarlo para el C5, lo que se abandon\u00f3, pues las reglas de operaci\u00f3n de este recinto lo prohib\u00edan.<\/p>\n\n\n\n<p>Actualmente, la gobernadora Mara Lezama, ha manifestado su intenci\u00f3n de recuperar todas las infraestructuras p\u00fablicas que se encuentran en abandono, como es el caso del Auditorio del Bienestar.<\/p>\n\n\n\n<p>Fuente: Noticaribe<\/p>\n","protected":false},"excerpt":{"rendered":"<p>CIUDAD DE M\u00c9XICO, MX.- El presidente Andr\u00e9s Manuel L\u00f3pez Obrador propuso elaborar un nuevo dictamen para determinar si el Auditorio del Bienestar de Canc\u00fan, construido durante el sexenio de Roberto Borge, puede ser rescatado o es necesario demolerlo para recuperar el terreno, durante su tradicional conferencia de prensa, realizada la ma\u00f1ana de hoy martes. \u201cMara [&hellip;]<\/p>\n","protected":false},"author":2,"featured_media":125898,"comment_status":"open","ping_status":"open","sticky":false,"template":"","format":"standard","meta":{"footnotes":""},"categories":[6],"tags":[],"class_list":["post-125897","post","type-post","status-publish","format-standard","has-post-thumbnail","hentry","category-municipales"],"_links":{"self":[{"href":"http:\/\/elcuartopoder.com.mx\/nw\/wp-json\/wp\/v2\/posts\/125897","targetHints":{"allow":["GET"]}}],"collection":[{"href":"http:\/\/elcuartopoder.com.mx\/nw\/wp-json\/wp\/v2\/posts"}],"about":[{"href":"http:\/\/elcuartopoder.com.mx\/nw\/wp-json\/wp\/v2\/types\/post"}],"author":[{"embeddable":true,"href":"http:\/\/elcuartopoder.com.mx\/nw\/wp-json\/wp\/v2\/users\/2"}],"replies":[{"embeddable":true,"href":"http:\/\/elcuartopoder.com.mx\/nw\/wp-json\/wp\/v2\/comments?post=125897"}],"version-history":[{"count":1,"href":"http:\/\/elcuartopoder.com.mx\/nw\/wp-json\/wp\/v2\/posts\/125897\/revisions"}],"predecessor-version":[{"id":125899,"href":"http:\/\/elcuartopoder.com.mx\/nw\/wp-json\/wp\/v2\/posts\/125897\/revisions\/125899"}],"wp:featuredmedia":[{"embeddable":true,"href":"http:\/\/elcuartopoder.com.mx\/nw\/wp-json\/wp\/v2\/media\/125898"}],"wp:attachment":[{"href":"http:\/\/elcuartopoder.com.mx\/nw\/wp-json\/wp\/v2\/media?parent=125897"}],"wp:term":[{"taxonomy":"category","embeddable":true,"href":"http:\/\/elcuartopoder.com.mx\/nw\/wp-json\/wp\/v2\/categories?post=125897"},{"taxonomy":"post_tag","embeddable":true,"href":"http:\/\/elcuartopoder.com.mx\/nw\/wp-json\/wp\/v2\/tags?post=125897"}],"curies":[{"name":"wp","href":"https:\/\/api.w.org\/{rel}","templated":true}]}}