{"id":125900,"date":"2024-01-31T09:08:44","date_gmt":"2024-01-31T14:08:44","guid":{"rendered":"http:\/\/elcuartopoder.com.mx\/nw\/?p=125900"},"modified":"2024-01-31T09:08:45","modified_gmt":"2024-01-31T14:08:45","slug":"requieren-mas-especialistas-en-salud-mental","status":"publish","type":"post","link":"http:\/\/elcuartopoder.com.mx\/nw\/nacionales\/requieren-mas-especialistas-en-salud-mental\/","title":{"rendered":"Requieren m\u00e1s especialistas en salud mental"},"content":{"rendered":"\n<p>El&nbsp;<strong>Hospital Psiqui\u00e1trico \u201cYucat\u00e1n\u201d<\/strong>, adscrito a la Secretar\u00eda de Salud del Estado (SSY), atendi\u00f3 en 2023 a 38 mil 045 personas. Entre los pacientes en edad adulta, los principales problemas mentales fueron la depresi\u00f3n y la ansiedad, mientras que en los menores de edad, se atendi\u00f3 principalmente casos de Trastorno de D\u00e9ficit de Atenci\u00f3n e Hiperactividad (TDAH).<\/p>\n\n\n\n<p>Adem\u00e1s de habitantes de Yucat\u00e1n,&nbsp;<strong>el a\u00f1o pasado el nosocomio brind\u00f3 atenci\u00f3n a personas procedentes<\/strong>&nbsp;de Campeche, Quintana Roo, Chiapas y Tabasco, as\u00ed como de Belice, Guatemala y Puerto Rico.<\/p>\n\n\n\n<p>Al impartirse la ponencia \u201c<strong>Diagn\u00f3stico situacional de la Salud 2023<\/strong>&nbsp;del Hospital Psiqui\u00e1trico Yucat\u00e1n\u201d, se advirti\u00f3 que a pesar de la demanda de atenci\u00f3n psiqui\u00e1trica por parte de la poblaci\u00f3n, en M\u00e9xico prevalece un d\u00e9ficit de estos profesionales, ya que actualmente se tienen un especialista por cada 20 pacientes.<\/p>\n\n\n\n<p>Durante la&nbsp;<strong>XLVI Jornadas Acad\u00e9micas del Hospital Psiqui\u00e1trico<\/strong>&nbsp;\u201cYucat\u00e1n\u201d, se remarc\u00f3 que en todo el pa\u00eds hay cerca de 6 mil psiquiatras para la atenci\u00f3n de 120 mil pacientes. Adem\u00e1s, la cantidad de pacientes muestra una tendencia al alza.<\/p>\n\n\n\n<p>Se a\u00f1adi\u00f3 que con el auge de la salud mental y la promoci\u00f3n que se le ha dado, actualmente ya no representa un \u201ctab\u00fa\u201d acudir con el psiquiatra, ni quien recibe la atenci\u00f3n es considerado como \u201cloco\u201d. Actualmente, es el mismo paciente el que acude al Hospital (Psiqui\u00e1trico), a pesar de su derechohabiencia, o bien, acude a su unidad familiar para luego ser referido a este nosocomio, para su debida atenci\u00f3n.<\/p>\n\n\n\n<p>Fuente: sipse<\/p>\n","protected":false},"excerpt":{"rendered":"<p>El&nbsp;Hospital Psiqui\u00e1trico \u201cYucat\u00e1n\u201d, adscrito a la Secretar\u00eda de Salud del Estado (SSY), atendi\u00f3 en 2023 a 38 mil 045 personas. Entre los pacientes en edad adulta, los principales problemas mentales fueron la depresi\u00f3n y la ansiedad, mientras que en los menores de edad, se atendi\u00f3 principalmente casos de Trastorno de D\u00e9ficit de Atenci\u00f3n e Hiperactividad [&hellip;]<\/p>\n","protected":false},"author":2,"featured_media":125901,"comment_status":"open","ping_status":"open","sticky":false,"template":"","format":"standard","meta":{"footnotes":""},"categories":[55],"tags":[],"class_list":["post-125900","post","type-post","status-publish","format-standard","has-post-thumbnail","hentry","category-nacionales"],"_links":{"self":[{"href":"http:\/\/elcuartopoder.com.mx\/nw\/wp-json\/wp\/v2\/posts\/125900","targetHints":{"allow":["GET"]}}],"collection":[{"href":"http:\/\/elcuartopoder.com.mx\/nw\/wp-json\/wp\/v2\/posts"}],"about":[{"href":"http:\/\/elcuartopoder.com.mx\/nw\/wp-json\/wp\/v2\/types\/post"}],"author":[{"embeddable":true,"href":"http:\/\/elcuartopoder.com.mx\/nw\/wp-json\/wp\/v2\/users\/2"}],"replies":[{"embeddable":true,"href":"http:\/\/elcuartopoder.com.mx\/nw\/wp-json\/wp\/v2\/comments?post=125900"}],"version-history":[{"count":1,"href":"http:\/\/elcuartopoder.com.mx\/nw\/wp-json\/wp\/v2\/posts\/125900\/revisions"}],"predecessor-version":[{"id":125902,"href":"http:\/\/elcuartopoder.com.mx\/nw\/wp-json\/wp\/v2\/posts\/125900\/revisions\/125902"}],"wp:featuredmedia":[{"embeddable":true,"href":"http:\/\/elcuartopoder.com.mx\/nw\/wp-json\/wp\/v2\/media\/125901"}],"wp:attachment":[{"href":"http:\/\/elcuartopoder.com.mx\/nw\/wp-json\/wp\/v2\/media?parent=125900"}],"wp:term":[{"taxonomy":"category","embeddable":true,"href":"http:\/\/elcuartopoder.com.mx\/nw\/wp-json\/wp\/v2\/categories?post=125900"},{"taxonomy":"post_tag","embeddable":true,"href":"http:\/\/elcuartopoder.com.mx\/nw\/wp-json\/wp\/v2\/tags?post=125900"}],"curies":[{"name":"wp","href":"https:\/\/api.w.org\/{rel}","templated":true}]}}