{"id":126088,"date":"2024-02-06T12:00:32","date_gmt":"2024-02-06T17:00:32","guid":{"rendered":"http:\/\/elcuartopoder.com.mx\/nw\/?p=126088"},"modified":"2024-02-06T12:00:36","modified_gmt":"2024-02-06T17:00:36","slug":"que-hacemos-si-somos-atacados-alemania-disena-un-plan-para-defenderse-en-una-guerra-hibrida","status":"publish","type":"post","link":"http:\/\/elcuartopoder.com.mx\/nw\/internacionales\/que-hacemos-si-somos-atacados-alemania-disena-un-plan-para-defenderse-en-una-guerra-hibrida\/","title":{"rendered":"\u00bfQu\u00e9 hacemos si somos atacados? Alemania dise\u00f1a un plan para defenderse en una guerra h\u00edbrida"},"content":{"rendered":"\n<p>La nueva situaci\u00f3n de seguridad, a partir de la invasi\u00f3n rusa de Ucrania, lleva a\u00a0Alemania\u00a0a actualizar todos sus protocolos de defensa, en un &#8216;Plan Operativo Alem\u00e1n&#8217; (&#8216;OPLAN&#8217;) que estar\u00e1 listo en marzo y que establece procedimientos a seguir en casos de sabotaje, ciberataques y campa\u00f1as de desinformaci\u00f3n. La clave de la reforma es un nuevo nivel de coordinaci\u00f3n y cooperaci\u00f3n entre el ej\u00e9rcito alem\u00e1n y las empresas industriales.<\/p>\n\n\n\n<p>\u00abEl elemento central del plan operativo de\u00a0Alemania\u00a0es la interacci\u00f3n civil-militar para el apoyo mutuo. Por un lado, se trata del apoyo militar a la defensa civil, pero al mismo tiempo tambi\u00e9n se trata de la contribuci\u00f3n civil a la planificaci\u00f3n de la defensa militar, porque la seguridad interna y externa ya no se pueden separar. Solo podremos cumplir nuestras tareas con el apoyo de los estados federados, las autoridades y la econom\u00eda\u00bb, explica el capit\u00e1n Frank F\u00e4hnrich, jefe del Departamento J5 de Planificaci\u00f3n de Operaciones y Desarrollo Futuro, a cargo del desarrollo de los nuevos protocolos.<\/p>\n\n\n\n<p>\u00abSer\u00e1 un plan que sea ejecutable y factible, no s\u00f3lo una quimera, un concepto de pensamiento, sino algo tangible que al final pueda funcionar\u00bb, a\u00f1ade el comandante del Mando Territorial, el teniente general Andr\u00e9 Bodemann.<\/p>\n\n\n\n<p>Alemania espera as\u00ed hacer frente a nuevas amenazas, como el denominado \u00abespionaje dirigido\u00bb, el intento externo de influir en las decisiones gubernamentales y en la opini\u00f3n p\u00fablica o los ataques en el ciberespacio contra empresas de energ\u00eda y telecomunicaciones. Tambi\u00e9n espera protegerse de sabotajes llevados a cabo por fuerzas especiales o irregulares, con el fin de inutilizar infraestructuras o impedir el despliegue de la OTAN. El pa\u00eds sufri\u00f3 en septiembre de 2022 un ataque que destruy\u00f3 la m\u00e1s moderna y ambiciosa infraestructura de suministro energ\u00e9tico, los dos gasoductos Nord Stream, cuyo sabotaje todav\u00eda no ha podido ser aclarado.<\/p>\n\n\n\n<p><\/p>\n\n\n\n<h3 class=\"wp-block-heading\">Por primera vez desde la Guerra Fr\u00eda<\/h3>\n\n\n\n<p>Este &#8216;OPLAN&#8217;, que se reorganiza ahora por primera vez desde la Guerra Fr\u00eda, pretende dotar al Estado de mecanismos para evitar a tiempo este tipo de ataques, tanto por parte de peque\u00f1as c\u00e9lulas especializadas como por misiles bal\u00edsticos enemigos. Compuesto por cientos de p\u00e1ginas y consensuado con autoridades policiales, agentes de protecci\u00f3n civil, operadores energ\u00e9ticos, cient\u00edficos, industria log\u00edstica y pa\u00edses aliados, el documento persigue garantizar las posibles rutas de despliegue de los aliados y el abastecimiento de los convoyes (&#8216;Host Nation Support&#8217;).<\/p>\n\n\n\n<p>Para ello, la Bundeswehr est\u00e1 intensificando la coordinaci\u00f3n con y entre los gobiernos de los Bundeslander y creando las llamadas fuerzas de seguridad nacional, que incluyen empresas civiles que participan en el suministro. Ya se han realizando los primeros ejercicios intensificados. \u00abPara lograr esto, todos tenemos que trabajar juntos. Incluso una vez que el plan operativo est\u00e9 en marcha, el proceso no estar\u00e1 completo. Siempre habr\u00e1 una necesidad de adaptaci\u00f3n en el futuro, porque las condiciones marco o los escenarios de amenaza est\u00e1n cambiando, cambios a los que debemos reaccionar\u00bb, se\u00f1ala el capit\u00e1n zur See F\u00e4hnrich.<\/p>\n\n\n\n<p>Al mismo tiempo, el ministro alem\u00e1n de Defensa, Boris Pistorius, est\u00e1 llevando a cabo una reforma en profundidad de su Ministerio, con la aprobaci\u00f3n de la oposici\u00f3n y los reservistas. \u00abEl ministro est\u00e1 en el camino correcto: el Ministerio es demasiado grande y en algunos casos m\u00e1s una casa de obstrucciones y personas con preocupaciones propias que un lugar para operar con agilidad\u00bb, celebra el presidente de la asociaci\u00f3n reservista, Patrick Sensburg.<\/p>\n\n\n\n<p>La presidenta del Comit\u00e9 de Defensa del Bundestag, la liberal Marie-Agnes Strack-Zimmermann, tambi\u00e9n ha dado muestras de apoyo: \u00abSi sirve para acelerar la causa y tambi\u00e9n para afrontar los nuevos tiempos en el Ministerio, una reestructuraci\u00f3n puede aportar mucho de sentido\u00bb. Pistorius ha informado en una carta a los funcionarios y militares que alrededor de 300 puestos se trasladar\u00e1n a la denominada zona subordinada, es decir, a diferentes subautoridades, y que partir de ahora deber\u00e1 haber un m\u00e1ximo de tres subdivisiones por departamento.<\/p>\n\n\n\n<p>El ministro alem\u00e1n ha se\u00f1alado como una de sus m\u00e1ximas prioridades agilizar el reclutamiento de soldados y para ello se ha desplegado abundante carteler\u00eda y se llevan a cabo elaboradas campa\u00f1as en las redes sociales, con series de YouTube filmadas a tal efecto y presencia tupida en las ferias de empleo. Incluso hay campamentos gratuitos en los que los interesados pueden conocer de primera mano la vida cotidiana de las tropas. Casi 182.000 hombres y mujeres sirven actualmente en sus filas. Pistorius desear\u00eda a\u00f1adir otros 20.000 soldados m\u00e1s.<\/p>\n","protected":false},"excerpt":{"rendered":"<p>La nueva situaci\u00f3n de seguridad, a partir de la invasi\u00f3n rusa de Ucrania, lleva a\u00a0Alemania\u00a0a actualizar todos sus protocolos de defensa, en un &#8216;Plan Operativo Alem\u00e1n&#8217; (&#8216;OPLAN&#8217;) que estar\u00e1 listo en marzo y que establece procedimientos a seguir en casos de sabotaje, ciberataques y campa\u00f1as de desinformaci\u00f3n. La clave de la reforma es un nuevo [&hellip;]<\/p>\n","protected":false},"author":2,"featured_media":126089,"comment_status":"open","ping_status":"open","sticky":false,"template":"","format":"standard","meta":{"footnotes":""},"categories":[8],"tags":[],"class_list":["post-126088","post","type-post","status-publish","format-standard","has-post-thumbnail","hentry","category-internacionales"],"_links":{"self":[{"href":"http:\/\/elcuartopoder.com.mx\/nw\/wp-json\/wp\/v2\/posts\/126088","targetHints":{"allow":["GET"]}}],"collection":[{"href":"http:\/\/elcuartopoder.com.mx\/nw\/wp-json\/wp\/v2\/posts"}],"about":[{"href":"http:\/\/elcuartopoder.com.mx\/nw\/wp-json\/wp\/v2\/types\/post"}],"author":[{"embeddable":true,"href":"http:\/\/elcuartopoder.com.mx\/nw\/wp-json\/wp\/v2\/users\/2"}],"replies":[{"embeddable":true,"href":"http:\/\/elcuartopoder.com.mx\/nw\/wp-json\/wp\/v2\/comments?post=126088"}],"version-history":[{"count":1,"href":"http:\/\/elcuartopoder.com.mx\/nw\/wp-json\/wp\/v2\/posts\/126088\/revisions"}],"predecessor-version":[{"id":126090,"href":"http:\/\/elcuartopoder.com.mx\/nw\/wp-json\/wp\/v2\/posts\/126088\/revisions\/126090"}],"wp:featuredmedia":[{"embeddable":true,"href":"http:\/\/elcuartopoder.com.mx\/nw\/wp-json\/wp\/v2\/media\/126089"}],"wp:attachment":[{"href":"http:\/\/elcuartopoder.com.mx\/nw\/wp-json\/wp\/v2\/media?parent=126088"}],"wp:term":[{"taxonomy":"category","embeddable":true,"href":"http:\/\/elcuartopoder.com.mx\/nw\/wp-json\/wp\/v2\/categories?post=126088"},{"taxonomy":"post_tag","embeddable":true,"href":"http:\/\/elcuartopoder.com.mx\/nw\/wp-json\/wp\/v2\/tags?post=126088"}],"curies":[{"name":"wp","href":"https:\/\/api.w.org\/{rel}","templated":true}]}}