{"id":126095,"date":"2024-02-07T09:19:04","date_gmt":"2024-02-07T14:19:04","guid":{"rendered":"http:\/\/elcuartopoder.com.mx\/nw\/?p=126095"},"modified":"2024-02-07T09:19:08","modified_gmt":"2024-02-07T14:19:08","slug":"el-terremoto-de-septiembre-proximo","status":"publish","type":"post","link":"http:\/\/elcuartopoder.com.mx\/nw\/politica\/el-terremoto-de-septiembre-proximo\/","title":{"rendered":"El terremoto de septiembre pr\u00f3ximo"},"content":{"rendered":"\n<p>Las alertas est\u00e1n encendidas. Un terremoto legal de la mayor magnitud se estar\u00eda configurando en los siguientes meses y ocurrir\u00eda en septiembre.&nbsp;<\/p>\n\n\n\n<p>Su epicentro ser\u00eda 12 semanas antes, el 2 de junio, con las elecciones federales, y con un triunfo de Morena y sus aliados que le dar\u00edan al presidente&nbsp;<strong>Andr\u00e9s Manuel L\u00f3pez Obrador<\/strong>&nbsp;la posibilidad, \u00fanica en su sexenio, de contar durante un mes con mayor\u00eda calificada en el Congreso para cambiar la Constituci\u00f3n. Hay mucha gente de negocios que ya est\u00e1 ponderando este posible escenario, el cual, si bien su probabilidad no es elevada, tampoco es imposible, sobre todo considerando la consistente ventaja en las encuestas de parte de Morena y&nbsp;<strong>Claudia Sheinbaum<\/strong>.&nbsp;<\/p>\n\n\n\n<p>Si la alianza Va Por M\u00e9xico no termina de entusiasmar, y si Sheinbaum ganase en los debates y sorprendiera con una campa\u00f1a fresca conectando con clases medias y j\u00f3venes, entonces dejar\u00e1 de ser descabellado que esto ocurra.<\/p>\n\n\n\n<p>Por eso las alarmas ya se encendieron, porque hasta hace unas semanas se daba por descontado que en el Congreso no habr\u00eda de ser inundado por morenistas y sus aliados. Se pensaba que en la conformaci\u00f3n legislativa s\u00ed o s\u00ed Morena quedar\u00eda imposibilitada para cambiar la Constituci\u00f3n. Pero eso ahora no es tan improbable.<\/p>\n\n\n\n<p>Algunas empresas est\u00e1n trabajando con este escenario alternativo, en el que Morena s\u00ed pudiera cambiar la Carta Magna a partir de septiembre.<\/p>\n\n\n\n<p>Incluso hay quien piensa que en un Congreso de mayor\u00eda morenista el riesgo real no estar\u00eda durante el sexenio de Sheinbaum, sino en los 30 d\u00edas del mes de septiembre en que el Congreso coincidir\u00eda con AMLO todav\u00eda como presidente.<\/p>\n\n\n\n<p>La raz\u00f3n de ello es la alta popularidad de L\u00f3pez Obrador y que, aunque Claudia ganase y fuese presidenta, no llegar\u00e1 al nivel de popularidad que tuvo el tabasque\u00f1o, por lo que controlar los cambios constitucionales, aunque le ser\u00eda posible, no le resultar\u00eda tan sencillo como al actual Presidente.<\/p>\n\n\n\n<h2 class=\"wp-block-heading\">UNIFIN, \u00bfRESCATADA?<\/h2>\n\n\n\n<p>Todos los focos rojos se han encendido en el sector financiero por la tentaci\u00f3n que empiezan a tener algunos funcionarios p\u00fablicos dentro de Nafin y Bancomext, al mando de&nbsp;<strong>Luis Antonio Ram\u00edrez Pineda<\/strong>, para rescatar de sus graves problemas financieros a la empresa Unifin de&nbsp;<strong>Rodrigo Lebois Mateos<\/strong>. Luego de haberse declarado en concurso mercantil esta empresa est\u00e1 buscando dinero p\u00fablico para sobrevivir, a pesar de que la deuda en problemas alcanza 80 mil millones de pesos. Incluso hay carpetas de investigaci\u00f3n en la Fiscal\u00eda General de la Rep\u00fablica por la posible comisi\u00f3n de delitos federales que violan normativas del mercado y del C\u00f3digo Penal.<\/p>\n\n\n\n<h2 class=\"wp-block-heading\">MILEI<\/h2>\n\n\n\n<p>La gira del presidente argentino<strong>\u00a0Javier Milei\u00a0<\/strong>en Israel tiene como punto culminante, adem\u00e1s del simbolismo de un rezo en lugares sagrados, un encuentro con empresarios de ese pa\u00eds.<\/p>\n\n\n\n<p>Fuente: heraldodemexico<\/p>\n","protected":false},"excerpt":{"rendered":"<p>Las alertas est\u00e1n encendidas. Un terremoto legal de la mayor magnitud se estar\u00eda configurando en los siguientes meses y ocurrir\u00eda en septiembre.&nbsp; Su epicentro ser\u00eda 12 semanas antes, el 2 de junio, con las elecciones federales, y con un triunfo de Morena y sus aliados que le dar\u00edan al presidente&nbsp;Andr\u00e9s Manuel L\u00f3pez Obrador&nbsp;la posibilidad, \u00fanica [&hellip;]<\/p>\n","protected":false},"author":2,"featured_media":126096,"comment_status":"open","ping_status":"open","sticky":false,"template":"","format":"standard","meta":{"footnotes":""},"categories":[61],"tags":[],"class_list":["post-126095","post","type-post","status-publish","format-standard","has-post-thumbnail","hentry","category-politica"],"_links":{"self":[{"href":"http:\/\/elcuartopoder.com.mx\/nw\/wp-json\/wp\/v2\/posts\/126095","targetHints":{"allow":["GET"]}}],"collection":[{"href":"http:\/\/elcuartopoder.com.mx\/nw\/wp-json\/wp\/v2\/posts"}],"about":[{"href":"http:\/\/elcuartopoder.com.mx\/nw\/wp-json\/wp\/v2\/types\/post"}],"author":[{"embeddable":true,"href":"http:\/\/elcuartopoder.com.mx\/nw\/wp-json\/wp\/v2\/users\/2"}],"replies":[{"embeddable":true,"href":"http:\/\/elcuartopoder.com.mx\/nw\/wp-json\/wp\/v2\/comments?post=126095"}],"version-history":[{"count":1,"href":"http:\/\/elcuartopoder.com.mx\/nw\/wp-json\/wp\/v2\/posts\/126095\/revisions"}],"predecessor-version":[{"id":126097,"href":"http:\/\/elcuartopoder.com.mx\/nw\/wp-json\/wp\/v2\/posts\/126095\/revisions\/126097"}],"wp:featuredmedia":[{"embeddable":true,"href":"http:\/\/elcuartopoder.com.mx\/nw\/wp-json\/wp\/v2\/media\/126096"}],"wp:attachment":[{"href":"http:\/\/elcuartopoder.com.mx\/nw\/wp-json\/wp\/v2\/media?parent=126095"}],"wp:term":[{"taxonomy":"category","embeddable":true,"href":"http:\/\/elcuartopoder.com.mx\/nw\/wp-json\/wp\/v2\/categories?post=126095"},{"taxonomy":"post_tag","embeddable":true,"href":"http:\/\/elcuartopoder.com.mx\/nw\/wp-json\/wp\/v2\/tags?post=126095"}],"curies":[{"name":"wp","href":"https:\/\/api.w.org\/{rel}","templated":true}]}}