{"id":126111,"date":"2024-02-07T11:43:56","date_gmt":"2024-02-07T16:43:56","guid":{"rendered":"http:\/\/elcuartopoder.com.mx\/nw\/?p=126111"},"modified":"2024-02-07T11:44:00","modified_gmt":"2024-02-07T16:44:00","slug":"bukele-se-otorga-un-poder-absoluto-para-gobernar-el-salvador","status":"publish","type":"post","link":"http:\/\/elcuartopoder.com.mx\/nw\/internacionales\/bukele-se-otorga-un-poder-absoluto-para-gobernar-el-salvador\/","title":{"rendered":"Bukele se otorga un poder absoluto para gobernar El Salvador"},"content":{"rendered":"\n<p>Son nuevos tiempos en El Salvador. No existe la oposici\u00f3n. En el Gobierno, en la arena pol\u00edtica y en la discusi\u00f3n solo hay espacio para el azul celeste de Nuevas Ideas y para \u00ab<strong>el presidente m\u00e1s &#8216;cool&#8217; del mundo<\/strong>\u00bb, Nayib Bukele.<\/p>\n\n\n\n<p><strong>Nayib Bukele<\/strong>, presidente de El Salvador y quien se autoproclam\u00f3 reelecto en los comicios del domingo, consolid\u00f3 un poder absoluto, sin oposici\u00f3n ni contrapesos, asentado en su abrumadora popularidad confirmada en las urnas con un aplastante&nbsp;<strong>85% de votos<\/strong>.<\/p>\n\n\n\n<p>Aunque a\u00fan no declara ganador ni oficializa el resultado, el&nbsp;<strong>Tribunal Supremo Electoral<\/strong>&nbsp;(TSE) precis\u00f3 en su portal que&nbsp;<strong>Bukele tiene 1.98 millones de votos<\/strong>&nbsp;-incluidas los del exterior- de un total de 2.3 millones de sufragios v\u00e1lidos, lo que da un 85.2%, una vez escrutado el 70% de las actas que contienen los votos.<\/p>\n\n\n\n<p>Sin esperar el resultado oficial, Bukele anunci\u00f3 un triunfo arrollador con un r\u00e9cord, no solo por ese porcentaje obtenido para su reelecci\u00f3n, sino\u00a0<strong>con 58 de los 60 esca\u00f1os del Congreso<\/strong>, una s\u00faper mayor\u00eda calificada, gracias a su popular pol\u00edtica de \u00abpu\u00f1o de hierro\u00bb contra las pandillas.<\/p>\n\n\n\n<p>Estados Unidos, China, M\u00e9xico, Ecuador y otros pa\u00edses latinoamericanos felicitaron a Bukele. No obstante, el jefe de la diplomacia estadounidense, Antony Blinken, le record\u00f3 que su pa\u00eds seguir\u00e1 dando prioridad a \u00ablos derechos humanos\u00bb.<\/p>\n\n\n\n<p>En la guerra antipandillas, El Salvador vive desde hace dos a\u00f1os bajo un estado de excepci\u00f3n,&nbsp;<a href=\"https:\/\/www.eleconomista.com.mx\/internacionales\/Bukele-se-declara-ganador-de-elecciones-en-El-Salvador-Cancilleria-mexicana-lo-felicita-20240204-0043.html\" target=\"_blank\" rel=\"noreferrer noopener\">que deja ya 75,000 detenidos sin orden judicial<\/a>. Organismos de derechos humanos denuncian detenciones arbitrarias, torturas y muertes en prisi\u00f3n. Mas de 7,000 debieron ser liberados al ser considerados inocentes.<\/p>\n\n\n\n<p>\u00abLa mayor\u00eda calificada que tendr\u00e1 el presidente en el Congreso podr\u00eda normalizar las medidas dr\u00e1sticas que se han adoptado durante un largo estado de excepci\u00f3n\u00bb, afirm\u00f3 a la AFP Gustavo Flores-Mac\u00edas, acad\u00e9mico de la Universidad Cornell, con sede en Nueva York.<\/p>\n\n\n\n<h2 class=\"wp-block-heading\">Democracia de partido \u00fanico<\/h2>\n\n\n\n<p>Desde el balc\u00f3n del Palacio Nacional, en el casco hist\u00f3rico de San Salvador, frente a una multitud de simpatizantes que lo ovacionaban, Bukele celebr\u00f3 que ser\u00e1 \u00abla primera vez que en un pa\u00eds existe un partido \u00fanico en un sistema plenamente democr\u00e1tico\u00bb.<\/p>\n\n\n\n<p>\u00abNo existe tal cosa (&#8230;). Un valor esencial de la democracia es que el pueblo elija libremente y eso no es posible si no hay opciones\u00bb, asegur\u00f3 Tamara Taraciuk, directora del Programa sobre Estado de Derecho de Di\u00e1logo Interamericano, con sede en Washington.<\/p>\n\n\n\n<p>Ninguno de los cinco candidatos de&nbsp;<strong>la oposici\u00f3n logr\u00f3 m\u00e1s del 7%<\/strong>, incluidos los del izquierdista Frente Farabundo Mart\u00ed (FMLN) y de la derechista Alianza Republicana Nacionalista (Arena), que se alternaron el poder desde que termin\u00f3 en 1992 la guerra civil, pero cuyos expresidentes est\u00e1n acusados de corrupci\u00f3n.<\/p>\n\n\n\n<p>\u00abLa oposici\u00f3n no dimension\u00f3 el momento hist\u00f3rico que est\u00e1 viviendo el pa\u00eds, cada uno se fue por su lado, por su ideolog\u00eda e intereses\u00bb, declar\u00f3 a la AFP el vicerrector de la Universidad Centroamericana (UCA), Omar Serrano.<\/p>\n\n\n\n<p>Rub\u00e9n Zamora, analista y exembajador de El Salvador en Washington, afirm\u00f3 a AFP que \u00abun Estado dictatorial lleva a la sociedad a un partido \u00fanico porque no puede vivir con oposici\u00f3n\u00bb.<\/p>\n\n\n\n<h2 class=\"wp-block-heading\">Poder total<\/h2>\n\n\n\n<p>Bukele, expublicista de 42 a\u00f1os de ascendencia palestina y considerado el presidente m\u00e1s popular de Am\u00e9rica Latina seg\u00fan el Latinobar\u00f3metro de 2023, controla, adem\u00e1s del parlamento, la justicia y el resto del aparato estatal.<\/p>\n\n\n\n<p>En su discurso de victoria, asegur\u00f3 que su triunfo arrollador es lo que quiere el pueblo y esa es, agreg\u00f3, la real democracia.<\/p>\n\n\n\n<p>A juicio de Flores-Mac\u00edas, bajo el argumento de seguir \u00abla voluntad popular\u00bb, Bukele podr\u00eda cerrar todos los espacios democr\u00e1ticos. \u00abUna vez desmantelados los contrapesos ser\u00e1 dif\u00edcil corregir el rumbo cuando los salvadore\u00f1os decidan que\u00bb deben \u00abacotarle\u00bb el poder.<\/p>\n\n\n\n<p>\u00ab<strong>Contar\u00e1 con un cheque en blanco&nbsp;<\/strong>para adoptar su agenda de gobierno. En ausencia de contrapesos institucionales, Bukele tendr\u00e1 pocos incentivos para apegarse a la ley cuando no le favorezca\u00bb, coment\u00f3.<\/p>\n\n\n\n<p>Pero en la calle no parece haber preocupaci\u00f3n. \u00abLe critican que es un dictador, pero en realidad yo no veo que estemos en una dictadura como en Cuba\u00bb, coment\u00f3 a la AFP, Daniela Ju\u00e1rez Rivera, de 22 a\u00f1os, una estudiante de derecho de la Universidad de El Salvador.<\/p>\n\n\n\n<p>\u00abQue dicen que es dictador, no creo que llegue a tanto, con tal de que escuche a todos, est\u00e1 bien\u00bb, indic\u00f3 a la AFP, Alfredo Mezquita, de 39 a\u00f1os, trabajador de una empresa de telefon\u00eda.<\/p>\n\n\n\n<p>Para Taraciuk \u00abla democracia salvadore\u00f1a est\u00e1 en jaque\u00bb y la autoproclamada victoria de Bukele \u00abes el resultado previsible\u00bb de acciones en su gobierno \u00abque lograron una concentraci\u00f3n de poder absoluta\u00bb.<\/p>\n\n\n\n<p>Magistrados renovados por el anterior Congreso, que ya controlaba, interpretaron la Constituci\u00f3n a su favor y validaron su postulaci\u00f3n, pese a que la reelecci\u00f3n est\u00e1 prohibida.<\/p>\n\n\n\n<p>La visi\u00f3n de \u00abdemocracia\u00bb de Bukele, apunt\u00f3 Zamora, es \u00ab\u00a1Yo soy el salvador de El Salvador\u00bb. \u00abLas dictaduras tienen cosas malas, pero algunas buenas: los militares hac\u00edan carreteras, \u00e9ste trajo seguridad. Con sus cosas buenas, esto no deja de ser una dictadura\u00bb, opin\u00f3.<\/p>\n","protected":false},"excerpt":{"rendered":"<p>Son nuevos tiempos en El Salvador. No existe la oposici\u00f3n. En el Gobierno, en la arena pol\u00edtica y en la discusi\u00f3n solo hay espacio para el azul celeste de Nuevas Ideas y para \u00abel presidente m\u00e1s &#8216;cool&#8217; del mundo\u00bb, Nayib Bukele. Nayib Bukele, presidente de El Salvador y quien se autoproclam\u00f3 reelecto en los comicios [&hellip;]<\/p>\n","protected":false},"author":2,"featured_media":126112,"comment_status":"open","ping_status":"open","sticky":false,"template":"","format":"standard","meta":{"footnotes":""},"categories":[8],"tags":[],"class_list":["post-126111","post","type-post","status-publish","format-standard","has-post-thumbnail","hentry","category-internacionales"],"_links":{"self":[{"href":"http:\/\/elcuartopoder.com.mx\/nw\/wp-json\/wp\/v2\/posts\/126111","targetHints":{"allow":["GET"]}}],"collection":[{"href":"http:\/\/elcuartopoder.com.mx\/nw\/wp-json\/wp\/v2\/posts"}],"about":[{"href":"http:\/\/elcuartopoder.com.mx\/nw\/wp-json\/wp\/v2\/types\/post"}],"author":[{"embeddable":true,"href":"http:\/\/elcuartopoder.com.mx\/nw\/wp-json\/wp\/v2\/users\/2"}],"replies":[{"embeddable":true,"href":"http:\/\/elcuartopoder.com.mx\/nw\/wp-json\/wp\/v2\/comments?post=126111"}],"version-history":[{"count":1,"href":"http:\/\/elcuartopoder.com.mx\/nw\/wp-json\/wp\/v2\/posts\/126111\/revisions"}],"predecessor-version":[{"id":126113,"href":"http:\/\/elcuartopoder.com.mx\/nw\/wp-json\/wp\/v2\/posts\/126111\/revisions\/126113"}],"wp:featuredmedia":[{"embeddable":true,"href":"http:\/\/elcuartopoder.com.mx\/nw\/wp-json\/wp\/v2\/media\/126112"}],"wp:attachment":[{"href":"http:\/\/elcuartopoder.com.mx\/nw\/wp-json\/wp\/v2\/media?parent=126111"}],"wp:term":[{"taxonomy":"category","embeddable":true,"href":"http:\/\/elcuartopoder.com.mx\/nw\/wp-json\/wp\/v2\/categories?post=126111"},{"taxonomy":"post_tag","embeddable":true,"href":"http:\/\/elcuartopoder.com.mx\/nw\/wp-json\/wp\/v2\/tags?post=126111"}],"curies":[{"name":"wp","href":"https:\/\/api.w.org\/{rel}","templated":true}]}}