{"id":126120,"date":"2024-02-07T12:36:34","date_gmt":"2024-02-07T17:36:34","guid":{"rendered":"http:\/\/elcuartopoder.com.mx\/nw\/?p=126120"},"modified":"2024-02-07T12:36:38","modified_gmt":"2024-02-07T17:36:38","slug":"que-es-el-fondo-de-pensiones-para-el-bienestar-que-propone-amlo","status":"publish","type":"post","link":"http:\/\/elcuartopoder.com.mx\/nw\/nacionales\/que-es-el-fondo-de-pensiones-para-el-bienestar-que-propone-amlo\/","title":{"rendered":"\u00bfQu\u00e9 es el Fondo de Pensiones para el Bienestar que propone AMLO?"},"content":{"rendered":"\n<p>Como parte del paquete de\u00a0reformas\u00a0que present\u00f3 el presidente Andr\u00e9s Manuel L\u00f3pez Obrador al Congreso de la Uni\u00f3n est\u00e1 la creaci\u00f3n del Fondo de Pensiones para el Bienestar el cual busca que los trabajadores formales que empezaron a laborar en 1997 tengan derecho a una pensi\u00f3n de retiro por vejez que sea igual a su \u00faltimo salario.<\/p>\n\n\n\n<p>La iniciativa plantea un tope de que s\u00f3lo ser\u00e1n aquellos trabajadores que<strong>&nbsp;ganan menos del salario promedio de los trabajadores&nbsp;<\/strong>del Instituto Mexicano del Seguro Social (que actualmente es de 16,777.78 pesos) quienes tendr\u00e1n derecho a esa pensi\u00f3n de 100% de su \u00faltimo salario.<\/p>\n\n\n\n<p>En la reforma se plantea que a partir del 1 de mayo se cree el\u00a0fondo semilla\u00a0con<strong>\u00a064,619 millones de pesos<\/strong>\u00a0y se vaya incrementando poco a poco.<\/p>\n\n\n\n<p>\u201cLas personas trabajadoras con 65 a\u00f1os de edad que empezaron a cotizar a partir del 1 de julio de 1997 en el Instituto Mexicano del Seguro Social (IMSS) y las que est\u00e9n bajo el r\u00e9gimen de cuentas individuales que cotizan en el Instituto de Seguridad y Servicios Sociales de los Trabajadores del Estado (ISSSTE)<strong>&nbsp;tendr\u00e1n derecho a que su pensi\u00f3n de retiro por vejez sea igual a su \u00faltimo salario<\/strong>&nbsp;hasta por un monto equivalente al salario promedio registrados en el Instituto Mexicano del Seguro Social en los t\u00e9rminos que establezca la ley\u201d, se\u00f1ala el documento.<\/p>\n\n\n\n<p>Cabe aclarar que dicha iniciativa&nbsp;<strong>no plantea la eliminaci\u00f3n de las Administradoras de Fondos para el Retiro (afores)<\/strong>&nbsp;ni se tocan los recursos de las cuentas de los trabajadores.<\/p>\n\n\n\n<h2 class=\"wp-block-heading\">\u00bfDe d\u00f3nde saldr\u00e1n los recursos?<\/h2>\n\n\n\n<p>Se financiar\u00e1 con aportaciones del gobierno federal de la siguiente manera:<\/p>\n\n\n\n<p>El&nbsp;<strong>75%&nbsp;<\/strong>de:<\/p>\n\n\n\n<ul class=\"wp-block-list\"><li><strong>Ingresos<\/strong>&nbsp;del Instituto para Devolver al Pueblo lo Robado<\/li><li><strong>Extinci\u00f3n<\/strong>&nbsp;de la Financiera Rural<\/li><li>Extinci\u00f3n de los 13 fideicomisos judiciales (Ya no para Acapulco)<\/li><li><strong>Venta&nbsp;<\/strong>de inmuebles de Fonatur<\/li><li><strong>Eliminaci\u00f3n<\/strong>&nbsp;de \u00f3rganos aut\u00f3nomos, descentralizados y desconcentrados<\/li><\/ul>\n\n\n\n<p>Y&nbsp;<strong>25%<\/strong>&nbsp;de los ingresos del<\/p>\n\n\n\n<ul class=\"wp-block-list\"><li><strong>Tren Maya<\/strong>, AIFA y aeropuertos de Sedena y Marina.<\/li><li>Venta de inmuebles del ISSSTE<\/li><\/ul>\n\n\n\n<p>De acuerdo con la iniciativa, el Fondo de Pensiones para el Bienestar tendr\u00e1 recursos por la aplicaci\u00f3n de los art\u00edculos 302 de la Ley del Seguro Social y 37 de la Ley del Infonavit, garantizando la imprescriptibilidad de los recursos propiedad de los trabajadores.<\/p>\n","protected":false},"excerpt":{"rendered":"<p>Como parte del paquete de\u00a0reformas\u00a0que present\u00f3 el presidente Andr\u00e9s Manuel L\u00f3pez Obrador al Congreso de la Uni\u00f3n est\u00e1 la creaci\u00f3n del Fondo de Pensiones para el Bienestar el cual busca que los trabajadores formales que empezaron a laborar en 1997 tengan derecho a una pensi\u00f3n de retiro por vejez que sea igual a su \u00faltimo [&hellip;]<\/p>\n","protected":false},"author":2,"featured_media":126121,"comment_status":"open","ping_status":"open","sticky":false,"template":"","format":"standard","meta":{"footnotes":""},"categories":[55],"tags":[],"class_list":["post-126120","post","type-post","status-publish","format-standard","has-post-thumbnail","hentry","category-nacionales"],"_links":{"self":[{"href":"http:\/\/elcuartopoder.com.mx\/nw\/wp-json\/wp\/v2\/posts\/126120","targetHints":{"allow":["GET"]}}],"collection":[{"href":"http:\/\/elcuartopoder.com.mx\/nw\/wp-json\/wp\/v2\/posts"}],"about":[{"href":"http:\/\/elcuartopoder.com.mx\/nw\/wp-json\/wp\/v2\/types\/post"}],"author":[{"embeddable":true,"href":"http:\/\/elcuartopoder.com.mx\/nw\/wp-json\/wp\/v2\/users\/2"}],"replies":[{"embeddable":true,"href":"http:\/\/elcuartopoder.com.mx\/nw\/wp-json\/wp\/v2\/comments?post=126120"}],"version-history":[{"count":1,"href":"http:\/\/elcuartopoder.com.mx\/nw\/wp-json\/wp\/v2\/posts\/126120\/revisions"}],"predecessor-version":[{"id":126122,"href":"http:\/\/elcuartopoder.com.mx\/nw\/wp-json\/wp\/v2\/posts\/126120\/revisions\/126122"}],"wp:featuredmedia":[{"embeddable":true,"href":"http:\/\/elcuartopoder.com.mx\/nw\/wp-json\/wp\/v2\/media\/126121"}],"wp:attachment":[{"href":"http:\/\/elcuartopoder.com.mx\/nw\/wp-json\/wp\/v2\/media?parent=126120"}],"wp:term":[{"taxonomy":"category","embeddable":true,"href":"http:\/\/elcuartopoder.com.mx\/nw\/wp-json\/wp\/v2\/categories?post=126120"},{"taxonomy":"post_tag","embeddable":true,"href":"http:\/\/elcuartopoder.com.mx\/nw\/wp-json\/wp\/v2\/tags?post=126120"}],"curies":[{"name":"wp","href":"https:\/\/api.w.org\/{rel}","templated":true}]}}