{"id":126123,"date":"2024-02-07T12:38:08","date_gmt":"2024-02-07T17:38:08","guid":{"rendered":"http:\/\/elcuartopoder.com.mx\/nw\/?p=126123"},"modified":"2024-02-07T12:38:12","modified_gmt":"2024-02-07T17:38:12","slug":"quintana-roo-registro-aumento-en-colocacion-de-viviendas-de-interes-social-en-2023","status":"publish","type":"post","link":"http:\/\/elcuartopoder.com.mx\/nw\/estatales\/quintana-roo-registro-aumento-en-colocacion-de-viviendas-de-interes-social-en-2023\/","title":{"rendered":"Quintana Roo registr\u00f3 aumento en colocaci\u00f3n de viviendas de inter\u00e9s social en 2023"},"content":{"rendered":"\n<p>Canc\u00fan, QRoo.- El Instituto del Fondo Nacional de la Vivienda para los Trabajadores (<strong>Infonavit<\/strong>) inform\u00f3 que creci\u00f3 la colocaci\u00f3n de vivienda en\u00a0<strong>Quintana Roo<\/strong>\u00a0al pasar de 10,139 en 2022 a 12,088 al cierre de 2023.<\/p>\n\n\n\n<p>Basado en ese resultado, anticipan que para este 2024 podr\u00eda seguir la tendencia de crecimiento hasta en un incremento 20% gracias a distintas pol\u00edticas de agilizaci\u00f3n en el otorgamiento de los cr\u00e9ditos al sector trabajador.<\/p>\n\n\n\n<p>As\u00ed lo detall\u00f3 V\u00edctor Hugo Ducoing Pedroza, gerente de cr\u00e9dito, delegaci\u00f3n regional\u00a0<strong>Quintana Roo<\/strong>, quien asegur\u00f3 que hay una oferta importante increment\u00e1ndose y tambi\u00e9n van al alza los rangos salariales, lo cual est\u00e1 impulsando que cada vez m\u00e1s trabajadores adquieran una vivienda, sobre todo los de menores ingresos\u201d.<\/p>\n\n\n\n<p>Explic\u00f3 que est\u00e1n arrancando el a\u00f1o de manera positiva, al cerrar enero con 1,000 cr\u00e9ditos ya colocados tendiendo un potencia de 140,000 derechohabientes que pueden aplicar su cr\u00e9dito para la compra de una vivienda o para mejoras.<\/p>\n\n\n\n<h2 class=\"wp-block-heading\">Sin alcanzar niveles prepandemia<\/h2>\n\n\n\n<p>Pese al crecimiento de 2023,&nbsp;<strong>Quintana Roo<\/strong>&nbsp;a\u00fan se mantiene 29.4% por debajo de los niveles de 2019, es decir, antes de la pandemia de Covid-19 en 2020.<\/p>\n\n\n\n<p>Mientras antes de la crisis sanitaria el volumen de financiamientos otorgados por el<strong>&nbsp;Infonavit<\/strong>&nbsp;alcanz\u00f3 los 17,128, cuatro a\u00f1os despu\u00e9s la cifra se cae hasta los 12,088 en todo Quintaan Roo.<\/p>\n\n\n\n<p>De hecho, el 2020, el a\u00f1o de la pandemia Quintana Roo cerr\u00f3 con m\u00e1s cr\u00e9ditos colocados que durante el pasado 2023, al haberse otorgado ese a\u00f1o de crisis mundial un total de 12,974, contra los 12,088 de 2023.<\/p>\n\n\n\n<p>El comportamiento de este indicador ha sido fluctuante, pues para 2021 la cifra se qued\u00f3 en 11,502 cr\u00e9ditos, para 2022 cay\u00f3 hasta los 10,139, una de las cifras m\u00e1s bajas en los \u00faltimos 10 a\u00f1os y para 2023 volvi\u00f3 a mostrar una recuperaci\u00f3n con 12,088 financiamientos de Infonavit en todo el estado.<\/p>\n","protected":false},"excerpt":{"rendered":"<p>Canc\u00fan, QRoo.- El Instituto del Fondo Nacional de la Vivienda para los Trabajadores (Infonavit) inform\u00f3 que creci\u00f3 la colocaci\u00f3n de vivienda en\u00a0Quintana Roo\u00a0al pasar de 10,139 en 2022 a 12,088 al cierre de 2023. Basado en ese resultado, anticipan que para este 2024 podr\u00eda seguir la tendencia de crecimiento hasta en un incremento 20% gracias [&hellip;]<\/p>\n","protected":false},"author":2,"featured_media":126124,"comment_status":"open","ping_status":"open","sticky":false,"template":"","format":"standard","meta":{"footnotes":""},"categories":[60],"tags":[],"class_list":["post-126123","post","type-post","status-publish","format-standard","has-post-thumbnail","hentry","category-estatales"],"_links":{"self":[{"href":"http:\/\/elcuartopoder.com.mx\/nw\/wp-json\/wp\/v2\/posts\/126123","targetHints":{"allow":["GET"]}}],"collection":[{"href":"http:\/\/elcuartopoder.com.mx\/nw\/wp-json\/wp\/v2\/posts"}],"about":[{"href":"http:\/\/elcuartopoder.com.mx\/nw\/wp-json\/wp\/v2\/types\/post"}],"author":[{"embeddable":true,"href":"http:\/\/elcuartopoder.com.mx\/nw\/wp-json\/wp\/v2\/users\/2"}],"replies":[{"embeddable":true,"href":"http:\/\/elcuartopoder.com.mx\/nw\/wp-json\/wp\/v2\/comments?post=126123"}],"version-history":[{"count":1,"href":"http:\/\/elcuartopoder.com.mx\/nw\/wp-json\/wp\/v2\/posts\/126123\/revisions"}],"predecessor-version":[{"id":126125,"href":"http:\/\/elcuartopoder.com.mx\/nw\/wp-json\/wp\/v2\/posts\/126123\/revisions\/126125"}],"wp:featuredmedia":[{"embeddable":true,"href":"http:\/\/elcuartopoder.com.mx\/nw\/wp-json\/wp\/v2\/media\/126124"}],"wp:attachment":[{"href":"http:\/\/elcuartopoder.com.mx\/nw\/wp-json\/wp\/v2\/media?parent=126123"}],"wp:term":[{"taxonomy":"category","embeddable":true,"href":"http:\/\/elcuartopoder.com.mx\/nw\/wp-json\/wp\/v2\/categories?post=126123"},{"taxonomy":"post_tag","embeddable":true,"href":"http:\/\/elcuartopoder.com.mx\/nw\/wp-json\/wp\/v2\/tags?post=126123"}],"curies":[{"name":"wp","href":"https:\/\/api.w.org\/{rel}","templated":true}]}}