{"id":126245,"date":"2024-02-12T11:47:03","date_gmt":"2024-02-12T16:47:03","guid":{"rendered":"http:\/\/elcuartopoder.com.mx\/nw\/?p=126245"},"modified":"2024-02-12T11:47:06","modified_gmt":"2024-02-12T16:47:06","slug":"una-psicologa-en-la-mente-de-los-ninos-no-han-sabido-querer-porque-creen-que-a-ellos-no-les-han-querido","status":"publish","type":"post","link":"http:\/\/elcuartopoder.com.mx\/nw\/policiacas\/una-psicologa-en-la-mente-de-los-ninos-no-han-sabido-querer-porque-creen-que-a-ellos-no-les-han-querido\/","title":{"rendered":"Una psic\u00f3loga, en la mente de los ni\u00f1os: \u00abNo han sabido querer, porque creen que a ellos no les han querido\u00bb"},"content":{"rendered":"\n<p><strong>\u00abNo saben querer,<\/strong>\u00a0porque sienten, de manera consciente o inconsciente, que a ellos no les han querido y,\u00a0por tanto, no les han ense\u00f1ado a querer\u00bb. No tiene tanto que ver con la persona sino que en estos casos lo relevante es la vivencia. Los primeros a\u00f1os son fundamentales para el desarrollo del apego, de la forma y calidad en el<strong>\u00a0quererse a uno mismo y a los dem\u00e1s<\/strong>. La edad en la que uno se enfrenta a situaciones complicadas, de negligencia, abuso, abandono&#8230; Va a ser fundamental para afrontar con mayor o menor eficacia las secuelas que esa vivencia deja.<\/p>\n\n\n\n<p>Marta de Prado,&nbsp;<strong>doctora en Psicolog\u00eda, explica a ABC<\/strong>&nbsp;que el tipo de menores que mataron a su madre en Cantabria \u00abseguramente no saben querer, porque, de manera consciente o inconsciente, sienten que a ellos no les han querido y, por tanto, no les han ense\u00f1ado a querer\u00bb.<\/p>\n\n\n\n<p>No es un problema generalizado de los ni\u00f1os que son adoptados, pero es cierto que el\u00a0<strong>estilo de apego que desarrollan algunos ni\u00f1os<\/strong>\u00a0con esta vivencia con experiencias traum\u00e1ticas en los primeros a\u00f1os de vida pueden generar estilos relacionales muy disfuncionales.<\/p>\n\n\n\n<p>\u00abUn momento clave para estos chicos es el de la adolescencia porque se sienten con mucha independencia, como si ya fueran mayores, y adem\u00e1s\u00a0<strong>empieza a moverse especialmente el mundo emocional<\/strong>\u00a0de relaci\u00f3n con los iguales. Hasta entonces pueden dar una imagen, porque hacen esfuerzos para sentirse queridos y no abandonables. Cuando en la adolescencia se desarrolla esa autosuficiencia tienden a la utilizaci\u00f3n de las relaciones; si\u00a0<strong>me sirves para alcanzar mis objetivos<\/strong>\u00a0o cubrir mis necesidades, sigues a mi lado y si no es as\u00ed, puedo prescindir de ti\u00bb.<\/p>\n\n\n\n<p>El pensamiento, explica De Prado, es muy b\u00e1sico: \u00abSe deshicieron de mi, yo me deshago de ti. No saben querer\u00bb. En este tipo de casos -hay que insistir, no es algo generalizado- se produce una \u00abinstrumentalizaci\u00f3n de las relaciones. No han aprendido a querer, utilizan a los dem\u00e1s y tambi\u00e9n a s\u00ed mismos, porque ellos tampoco saben quererse de manera adecuada\u00bb.<\/p>\n\n\n\n<p>La psic\u00f3loga advierte de que no se puede generalizar, pues cada menor reacciona en funci\u00f3n de sus vivencias. \u00abAl darse el asesinato por dos hermanos, es posible que uno tenga un perfil m\u00e1s dominante que el otro. El hermano sumiso sentir\u00e1 que para no volver a sentirse solo tiene que obedecer al hermano dominante. Lo m\u00e1s habitual es que el mayor sea m\u00e1s dominante que el peque\u00f1o pero habr\u00eda que entrevistar a los menores para perfilarles adecuadamente\u00bb.<\/p>\n\n\n\n<p>Fuente: ABC<\/p>\n","protected":false},"excerpt":{"rendered":"<p>\u00abNo saben querer,\u00a0porque sienten, de manera consciente o inconsciente, que a ellos no les han querido y,\u00a0por tanto, no les han ense\u00f1ado a querer\u00bb. No tiene tanto que ver con la persona sino que en estos casos lo relevante es la vivencia. Los primeros a\u00f1os son fundamentales para el desarrollo del apego, de la forma [&hellip;]<\/p>\n","protected":false},"author":2,"featured_media":126246,"comment_status":"open","ping_status":"open","sticky":false,"template":"","format":"standard","meta":{"footnotes":""},"categories":[23],"tags":[],"class_list":["post-126245","post","type-post","status-publish","format-standard","has-post-thumbnail","hentry","category-policiacas"],"_links":{"self":[{"href":"http:\/\/elcuartopoder.com.mx\/nw\/wp-json\/wp\/v2\/posts\/126245","targetHints":{"allow":["GET"]}}],"collection":[{"href":"http:\/\/elcuartopoder.com.mx\/nw\/wp-json\/wp\/v2\/posts"}],"about":[{"href":"http:\/\/elcuartopoder.com.mx\/nw\/wp-json\/wp\/v2\/types\/post"}],"author":[{"embeddable":true,"href":"http:\/\/elcuartopoder.com.mx\/nw\/wp-json\/wp\/v2\/users\/2"}],"replies":[{"embeddable":true,"href":"http:\/\/elcuartopoder.com.mx\/nw\/wp-json\/wp\/v2\/comments?post=126245"}],"version-history":[{"count":1,"href":"http:\/\/elcuartopoder.com.mx\/nw\/wp-json\/wp\/v2\/posts\/126245\/revisions"}],"predecessor-version":[{"id":126247,"href":"http:\/\/elcuartopoder.com.mx\/nw\/wp-json\/wp\/v2\/posts\/126245\/revisions\/126247"}],"wp:featuredmedia":[{"embeddable":true,"href":"http:\/\/elcuartopoder.com.mx\/nw\/wp-json\/wp\/v2\/media\/126246"}],"wp:attachment":[{"href":"http:\/\/elcuartopoder.com.mx\/nw\/wp-json\/wp\/v2\/media?parent=126245"}],"wp:term":[{"taxonomy":"category","embeddable":true,"href":"http:\/\/elcuartopoder.com.mx\/nw\/wp-json\/wp\/v2\/categories?post=126245"},{"taxonomy":"post_tag","embeddable":true,"href":"http:\/\/elcuartopoder.com.mx\/nw\/wp-json\/wp\/v2\/tags?post=126245"}],"curies":[{"name":"wp","href":"https:\/\/api.w.org\/{rel}","templated":true}]}}