{"id":126507,"date":"2024-02-23T09:50:14","date_gmt":"2024-02-23T14:50:14","guid":{"rendered":"http:\/\/elcuartopoder.com.mx\/nw\/?p=126507"},"modified":"2024-02-23T09:50:17","modified_gmt":"2024-02-23T14:50:17","slug":"ordenan-detener-a-ricardo-martinelli-expresidente-de-panama","status":"publish","type":"post","link":"http:\/\/elcuartopoder.com.mx\/nw\/politica\/ordenan-detener-a-ricardo-martinelli-expresidente-de-panama\/","title":{"rendered":"Ordenan detener a Ricardo Martinelli, expresidente de Panam\u00e1"},"content":{"rendered":"\n<p class=\"wp-block-paragraph\">Un tribunal paname\u00f1o orden\u00f3 este jueves la detenci\u00f3n preventiva del expresidente Ricardo Martinelli (2009-2014), asilado en la embajada de Nicaragua en Panam\u00e1 tras ser condenado a m\u00e1s de 10 a\u00f1os de prisi\u00f3n por blanqueo de capitales en el caso conocido como \u00abNew Business\u00bb.<\/p>\n\n\n\n<p class=\"wp-block-paragraph\">La decisi\u00f3n, que fue tomada por la jueza Balo\u00edsa Marqu\u00ednez, analiz\u00f3 \u00abla gravedad del delito imputado, el riesgo de fuga evidenciado por la conducta del sentenciado, la necesidad de garantizar la efectividad del proceso judicial y el incumplimiento de la medida cautelar de reporte\u00bb, dijo en un comunicado el \u00d3rgano Judicial (OJ) de Panam\u00e1.<\/p>\n\n\n\n<p class=\"wp-block-paragraph\">\u00abSe concluye que la detenci\u00f3n preventiva en contra del expresidente condenado es proporcional y necesaria para asegurar la comparecencia del sancionado ante la justicia y salvaguardar los intereses de la sociedad\u00bb, precis\u00f3 el OJ.\u00a0<\/p>\n\n\n\n<p class=\"wp-block-paragraph\">Fuente: XEU<\/p>\n","protected":false},"excerpt":{"rendered":"<p>Un tribunal paname\u00f1o orden\u00f3 este jueves la detenci\u00f3n preventiva del expresidente Ricardo Martinelli (2009-2014), asilado en la embajada de Nicaragua en Panam\u00e1 tras ser condenado a m\u00e1s de 10 a\u00f1os de prisi\u00f3n por blanqueo de capitales en el caso conocido como \u00abNew Business\u00bb. La decisi\u00f3n, que fue tomada por la jueza Balo\u00edsa Marqu\u00ednez, analiz\u00f3 \u00abla [&hellip;]<\/p>\n","protected":false},"author":2,"featured_media":126508,"comment_status":"open","ping_status":"open","sticky":false,"template":"","format":"standard","meta":{"footnotes":""},"categories":[61],"tags":[],"class_list":["post-126507","post","type-post","status-publish","format-standard","has-post-thumbnail","hentry","category-politica"],"_links":{"self":[{"href":"http:\/\/elcuartopoder.com.mx\/nw\/wp-json\/wp\/v2\/posts\/126507","targetHints":{"allow":["GET"]}}],"collection":[{"href":"http:\/\/elcuartopoder.com.mx\/nw\/wp-json\/wp\/v2\/posts"}],"about":[{"href":"http:\/\/elcuartopoder.com.mx\/nw\/wp-json\/wp\/v2\/types\/post"}],"author":[{"embeddable":true,"href":"http:\/\/elcuartopoder.com.mx\/nw\/wp-json\/wp\/v2\/users\/2"}],"replies":[{"embeddable":true,"href":"http:\/\/elcuartopoder.com.mx\/nw\/wp-json\/wp\/v2\/comments?post=126507"}],"version-history":[{"count":1,"href":"http:\/\/elcuartopoder.com.mx\/nw\/wp-json\/wp\/v2\/posts\/126507\/revisions"}],"predecessor-version":[{"id":126509,"href":"http:\/\/elcuartopoder.com.mx\/nw\/wp-json\/wp\/v2\/posts\/126507\/revisions\/126509"}],"wp:featuredmedia":[{"embeddable":true,"href":"http:\/\/elcuartopoder.com.mx\/nw\/wp-json\/wp\/v2\/media\/126508"}],"wp:attachment":[{"href":"http:\/\/elcuartopoder.com.mx\/nw\/wp-json\/wp\/v2\/media?parent=126507"}],"wp:term":[{"taxonomy":"category","embeddable":true,"href":"http:\/\/elcuartopoder.com.mx\/nw\/wp-json\/wp\/v2\/categories?post=126507"},{"taxonomy":"post_tag","embeddable":true,"href":"http:\/\/elcuartopoder.com.mx\/nw\/wp-json\/wp\/v2\/tags?post=126507"}],"curies":[{"name":"wp","href":"https:\/\/api.w.org\/{rel}","templated":true}]}}