{"id":126517,"date":"2024-02-26T09:27:39","date_gmt":"2024-02-26T14:27:39","guid":{"rendered":"http:\/\/elcuartopoder.com.mx\/nw\/?p=126517"},"modified":"2024-02-26T09:27:43","modified_gmt":"2024-02-26T14:27:43","slug":"director-de-ford-futuro-distribuidor-de-red-bull-exige-resolucion-de-horner-estamos-frustrados","status":"publish","type":"post","link":"http:\/\/elcuartopoder.com.mx\/nw\/entretenimiento\/deportes\/director-de-ford-futuro-distribuidor-de-red-bull-exige-resolucion-de-horner-estamos-frustrados\/","title":{"rendered":"Director de Ford, futuro distribuidor de Red Bull, exige resoluci\u00f3n de Horner: \u2018Estamos frustrados\u2019"},"content":{"rendered":"\n<p class=\"wp-block-paragraph\">El director ejecutivo de Ford Motor Co. insisti\u00f3 en una resoluci\u00f3n sobre la investigaci\u00f3n del director del equipo Red Bull,\u00a0Christian Horner, en una carta enviada a la escuder\u00eda, de la cual fue obtenida una copia por\u00a0<em>The Associated Press<\/em>\u00a0el domingo.<\/p>\n\n\n\n<p class=\"wp-block-paragraph\">La carta con fecha del viernes, por el\u00a0CEO de Ford<strong>Jim Farley<\/strong>, expres\u00f3 su descontento con las \u201c<strong>denuncias no aclaradas de comportamiento inapropiado\u00a0<\/strong>por parte de los l\u00edderes de Red Bull Racing\u201d.<\/p>\n\n\n\n<p class=\"wp-block-paragraph\">Farley mencion\u00f3 que han transcurrido 11 d\u00edas desde que Ford, que suministrar\u00e1 los motores Red Bull a partir de 2026, primero solicit\u00f3 informaci\u00f3n adicional sobre la investigaci\u00f3n que la casa matriz de Red Bull anunci\u00f3 el 5 de febrero\u00a0sobre las acusaciones en contra de Horner hechas por una empleada del equipo.<\/p>\n\n\n\n<p class=\"wp-block-paragraph\"><strong>Red Bull no ha brindado detalles p\u00fablicamente sobre las acusaciones<\/strong>, que fueron inicialmente caracterizadas de manera interna como una pesquisa sobre la \u201c<strong>manera agresiva de direcci\u00f3n<\/strong>\u201d de Horner, pero que ahora han cambiado hacia informes de conducta sexual inapropiada.<\/p>\n\n\n\n<p class=\"wp-block-paragraph\">\u201cTambi\u00e9n estamos frustrados por la carencia de completa transparencia en torno a este asunto con nosotros, sus socios corporativos, y esperamos recibir un informe completo de todos los hallazgos\u201d, indic\u00f3 Farley en la carta.<\/p>\n\n\n\n<h2 class=\"wp-block-heading\">\u00bfQu\u00e9 ha dicho Red Bull y Christian Horner sobre las acusaciones al jefe de operaciones?<\/h2>\n\n\n\n<p class=\"wp-block-paragraph\">Por su parte, el\u00a0Jefe de Operaciones, Christian Horner, neg\u00f3 haber actuado mal y mencion\u00f3 tambi\u00e9n que quiere una r\u00e1pida resoluci\u00f3n de la investigaci\u00f3n.<\/p>\n\n\n\n<p class=\"wp-block-paragraph\">La F\u00f3rmula Uno y la Federaci\u00f3n Internacional de Automovilismo (el ente rector del deporte) emitieron sendos comunicados presionando a Red Bull para una resoluci\u00f3n. Pero ni Larry Ellison \u2013 cofundador del patrocinador principal de Red Bull, Oracle, as\u00ed como Ryan McInerney, director ejecutivo de Visa, han respondido a los solicitados de comentarios por parte de AP. Visa fue presentado en enero como patrocinador principal del equipo juvenil de Red Bull, en el primer patrocinio deportivo global de Visa en 15 a\u00f1os.<\/p>\n\n\n\n<p class=\"wp-block-paragraph\">La investigaci\u00f3n sobre Horner ha remecido a la comunidad de la F1 a tan solo d\u00edas de que comience la nueva temporada y el objetivo de Max Verstappen por un cuarto t\u00edtulo consecutivo. Seg\u00fan informes, se presentaron aproximadamente 100 pruebas durante una declaraci\u00f3n de Horner, quien supuestamente ofreci\u00f3 a su acusadora un acuerdo de seis cifras.<\/p>\n","protected":false},"excerpt":{"rendered":"<p>El director ejecutivo de Ford Motor Co. insisti\u00f3 en una resoluci\u00f3n sobre la investigaci\u00f3n del director del equipo Red Bull,\u00a0Christian Horner, en una carta enviada a la escuder\u00eda, de la cual fue obtenida una copia por\u00a0The Associated Press\u00a0el domingo. La carta con fecha del viernes, por el\u00a0CEO de FordJim Farley, expres\u00f3 su descontento con las [&hellip;]<\/p>\n","protected":false},"author":2,"featured_media":126518,"comment_status":"open","ping_status":"open","sticky":false,"template":"","format":"standard","meta":{"footnotes":""},"categories":[7],"tags":[],"class_list":["post-126517","post","type-post","status-publish","format-standard","has-post-thumbnail","hentry","category-deportes"],"_links":{"self":[{"href":"http:\/\/elcuartopoder.com.mx\/nw\/wp-json\/wp\/v2\/posts\/126517","targetHints":{"allow":["GET"]}}],"collection":[{"href":"http:\/\/elcuartopoder.com.mx\/nw\/wp-json\/wp\/v2\/posts"}],"about":[{"href":"http:\/\/elcuartopoder.com.mx\/nw\/wp-json\/wp\/v2\/types\/post"}],"author":[{"embeddable":true,"href":"http:\/\/elcuartopoder.com.mx\/nw\/wp-json\/wp\/v2\/users\/2"}],"replies":[{"embeddable":true,"href":"http:\/\/elcuartopoder.com.mx\/nw\/wp-json\/wp\/v2\/comments?post=126517"}],"version-history":[{"count":1,"href":"http:\/\/elcuartopoder.com.mx\/nw\/wp-json\/wp\/v2\/posts\/126517\/revisions"}],"predecessor-version":[{"id":126519,"href":"http:\/\/elcuartopoder.com.mx\/nw\/wp-json\/wp\/v2\/posts\/126517\/revisions\/126519"}],"wp:featuredmedia":[{"embeddable":true,"href":"http:\/\/elcuartopoder.com.mx\/nw\/wp-json\/wp\/v2\/media\/126518"}],"wp:attachment":[{"href":"http:\/\/elcuartopoder.com.mx\/nw\/wp-json\/wp\/v2\/media?parent=126517"}],"wp:term":[{"taxonomy":"category","embeddable":true,"href":"http:\/\/elcuartopoder.com.mx\/nw\/wp-json\/wp\/v2\/categories?post=126517"},{"taxonomy":"post_tag","embeddable":true,"href":"http:\/\/elcuartopoder.com.mx\/nw\/wp-json\/wp\/v2\/tags?post=126517"}],"curies":[{"name":"wp","href":"https:\/\/api.w.org\/{rel}","templated":true}]}}