{"id":126523,"date":"2024-02-26T09:36:42","date_gmt":"2024-02-26T14:36:42","guid":{"rendered":"http:\/\/elcuartopoder.com.mx\/nw\/?p=126523"},"modified":"2024-02-26T09:36:46","modified_gmt":"2024-02-26T14:36:46","slug":"la-mata","status":"publish","type":"post","link":"http:\/\/elcuartopoder.com.mx\/nw\/editorial\/la-mata\/","title":{"rendered":"La mata"},"content":{"rendered":"\n<p>Sigue la mata dando. Parece que ser\u00e1 todo un matorral, seg\u00fan los primeros indicios. A los reportajes de ProPublica, InsightCrime y DW, acerca del presunto financiamiento de la campa\u00f1a de L\u00f3pez Obrador en 2006 por parte del crimen organizado, se suma ahora el reportaje publicado por&nbsp;<em>The New York Times<\/em>&nbsp;acerca de investigaciones archivadas relacionadas con un financiamiento similar, pero para la elecci\u00f3n de 2018. Cuestionado al respecto por parte de la reportera, L\u00f3pez Obrador no se dign\u00f3 responder, sino que hizo p\u00fablica la solicitud de informaci\u00f3n en su conferencia matutina, llegando al grado de exponer el tel\u00e9fono m\u00f3vil de la periodista.<\/p>\n\n\n\n<p>Esta nueva publicaci\u00f3n, como las anteriores, se basa en dichos de personas involucradas, pero no necesariamente de testigos protegidos, sino de funcionarios que, desafortunadamente, no pueden hablar p\u00fablicamente. Aun as\u00ed, m\u00e1s indicios de la relaci\u00f3n entre el movimiento de L\u00f3pez Obrador y el crimen organizado, a la luz de la forma en que \u00e9ste ha crecido durante el sexenio, resultan en la preocupaci\u00f3n de estar no ya en un r\u00e9gimen h\u00edbrido entre democracia y autoritarismo, sino en el proceso de convertirnos en narco-Estado, como ya lo es Venezuela, por ejemplo.<\/p>\n\n\n\n<p>Dice&nbsp;<em>The New York Times<\/em>&nbsp;que los c\u00e1rteles tendr\u00edan videos de los hijos de L\u00f3pez Obrador recibiendo dinero, algo que es una pr\u00e1ctica com\u00fan de estos grupos criminales. Si es as\u00ed, la vulnerabilidad del Presidente es un problema muy grave de seguridad nacional. Afirma tambi\u00e9n el peri\u00f3dico que adem\u00e1s del financiamiento en la campa\u00f1a, se habr\u00eda entregado dinero ya cuando L\u00f3pez Obrador era Presidente electo.<\/p>\n\n\n\n<p>La informaci\u00f3n acerca de una relaci\u00f3n entre el movimiento de L\u00f3pez Obrador y el crimen organizado, aunque tiene ese origen de \u2018dichos\u2019, se ha hecho cre\u00edble por dos razones. La primera es que exactamente de la misma manera se construy\u00f3 el caso contra Garc\u00eda Luna, que L\u00f3pez Obrador festej\u00f3 mucho en sus ma\u00f1aneras, dando legitimidad a un m\u00e9todo que ahora se utiliza en su contra. La segunda raz\u00f3n es la forma en que ha crecido la corrupci\u00f3n en este sexenio, y la amplia evidencia de la participaci\u00f3n de familiares del mismo Presidente en ella. Es muy probable que, en ausencia de estas dos circunstancias, los reportajes no hubiesen tenido repercusi\u00f3n.<\/p>\n\n\n\n<p>Sin embargo, es posible que lo que m\u00e1s haya jugado en contra del Presidente sea \u00e9l mismo. Su reacci\u00f3n a las filtraciones, reportajes, investigaciones, no pasa del enojo y la descalificaci\u00f3n. Si todo lo que se ha presentado fuese falso, la atenci\u00f3n que \u00e9l le ha puesto, la manera en que ha respondido, el tiempo que le ha dedicado, no tendr\u00edan sentido. Pero esto cambia cuando recuerda uno el desprecio que tiene L\u00f3pez Obrador por las leyes. Para quien tuviera duda, esta misma semana se reconoci\u00f3 como culpable de intromisi\u00f3n en el Poder Judicial, y acus\u00f3 a Zald\u00edvar de ser lo que ya sab\u00edamos, el lacayo que transmit\u00eda \u00f3rdenes presidenciales a los jueces.<\/p>\n\n\n\n<p>Conviene recordar que en la tradici\u00f3n pol\u00edtica de la que viene L\u00f3pez Obrador las cr\u00edticas nunca se reciben como tales, sino como agresiones pol\u00edticas. Por tanto, frente a los frutos que est\u00e1 dando la mata, no hay ni autocr\u00edtica ni razonamientos, sino la paranoia de ser v\u00edctimas de un complot. Ya empiezan con la cantaleta que usaron en 2019 y en 2021, el \u201cgolpe de Estado blando\u201d. No pueden imaginar que haya algo malo en recibir dinero de donde sea, siempre que se use para fines pol\u00edticos, as\u00ed como no ven nada extra\u00f1o en hacerse ricos aprovechando el poder. Para ellos, de eso se ha tratado siempre. Que se les juzgue con base en la \u00e9tica y las leyes les parece abominable, inaceptable. Los de la autoridad moral son ellos, los \u2018diferentes\u2019. Pr\u00f3fugos de las cloacas, es lo que son.<\/p>\n\n\n\n<p>Fuente: elfinanciero<\/p>\n","protected":false},"excerpt":{"rendered":"<p>Sigue la mata dando. Parece que ser\u00e1 todo un matorral, seg\u00fan los primeros indicios. A los reportajes de ProPublica, InsightCrime y DW, acerca del presunto financiamiento de la campa\u00f1a de L\u00f3pez Obrador en 2006 por parte del crimen organizado, se suma ahora el reportaje publicado por&nbsp;The New York Times&nbsp;acerca de investigaciones archivadas relacionadas con un [&hellip;]<\/p>\n","protected":false},"author":2,"featured_media":126524,"comment_status":"open","ping_status":"open","sticky":false,"template":"","format":"standard","meta":{"footnotes":""},"categories":[63],"tags":[],"class_list":["post-126523","post","type-post","status-publish","format-standard","has-post-thumbnail","hentry","category-editorial"],"_links":{"self":[{"href":"http:\/\/elcuartopoder.com.mx\/nw\/wp-json\/wp\/v2\/posts\/126523","targetHints":{"allow":["GET"]}}],"collection":[{"href":"http:\/\/elcuartopoder.com.mx\/nw\/wp-json\/wp\/v2\/posts"}],"about":[{"href":"http:\/\/elcuartopoder.com.mx\/nw\/wp-json\/wp\/v2\/types\/post"}],"author":[{"embeddable":true,"href":"http:\/\/elcuartopoder.com.mx\/nw\/wp-json\/wp\/v2\/users\/2"}],"replies":[{"embeddable":true,"href":"http:\/\/elcuartopoder.com.mx\/nw\/wp-json\/wp\/v2\/comments?post=126523"}],"version-history":[{"count":1,"href":"http:\/\/elcuartopoder.com.mx\/nw\/wp-json\/wp\/v2\/posts\/126523\/revisions"}],"predecessor-version":[{"id":126525,"href":"http:\/\/elcuartopoder.com.mx\/nw\/wp-json\/wp\/v2\/posts\/126523\/revisions\/126525"}],"wp:featuredmedia":[{"embeddable":true,"href":"http:\/\/elcuartopoder.com.mx\/nw\/wp-json\/wp\/v2\/media\/126524"}],"wp:attachment":[{"href":"http:\/\/elcuartopoder.com.mx\/nw\/wp-json\/wp\/v2\/media?parent=126523"}],"wp:term":[{"taxonomy":"category","embeddable":true,"href":"http:\/\/elcuartopoder.com.mx\/nw\/wp-json\/wp\/v2\/categories?post=126523"},{"taxonomy":"post_tag","embeddable":true,"href":"http:\/\/elcuartopoder.com.mx\/nw\/wp-json\/wp\/v2\/tags?post=126523"}],"curies":[{"name":"wp","href":"https:\/\/api.w.org\/{rel}","templated":true}]}}