{"id":126526,"date":"2024-02-26T09:38:44","date_gmt":"2024-02-26T14:38:44","guid":{"rendered":"http:\/\/elcuartopoder.com.mx\/nw\/?p=126526"},"modified":"2024-02-26T09:38:48","modified_gmt":"2024-02-26T14:38:48","slug":"rescatan-a-mas-de-100-guatemaltecos-abandonados-al-interior-de-un-domicilio","status":"publish","type":"post","link":"http:\/\/elcuartopoder.com.mx\/nw\/policiacas\/rescatan-a-mas-de-100-guatemaltecos-abandonados-al-interior-de-un-domicilio\/","title":{"rendered":"Rescatan a m\u00e1s de 100 guatemaltecos abandonados al interior de un domicilio"},"content":{"rendered":"\n<p class=\"wp-block-paragraph\">Tras haber sido abandonados a su suerte al interior de un domicilio en la localidad de&nbsp;<strong>Santa Ana<\/strong>,&nbsp;<strong>Sonora<\/strong>, 101 migrantes de origen guatemalteco fueron rescatados por elementos del&nbsp;<strong>Instituto Nacional de Migraci\u00f3n<\/strong>.<\/p>\n\n\n\n<p class=\"wp-block-paragraph\">En el operativo participaron elementos de la\u00a0<strong>Guardia Nacional<\/strong>, la\u00a0<strong>Secretar\u00eda de la Defensa Nacional<\/strong>\u00a0y de la\u00a0<strong>Polic\u00eda Estatal<\/strong>\u00a0de Sonora, quienes brindaron asistencia a las personas que encontraron al interior del lugar.<\/p>\n\n\n\n<p class=\"wp-block-paragraph\">\u201cElementos del&nbsp;<strong>Instituto Nacional de Migraci\u00f3n<\/strong>,&nbsp;<strong>Sedena<\/strong>,&nbsp;<strong>Guardia Nacional<\/strong>&nbsp;y seguridad estatal se trasladaron al domicilio indicado&nbsp; y verificaron que se encontraban nacionales de Guatemala, por lo que agentes federales de migraci\u00f3n solicitaron su documentaci\u00f3n y confirmaron ser originarios de ese pa\u00eds.<\/p>\n\n\n\n<figure class=\"wp-block-image\"><img decoding=\"async\" src=\"https:\/\/heraldodemexico.com.mx\/u\/fotografias\/m\/2024\/2\/24\/f768x1-897579_897706_0.jpeg\" alt=\"\"\/><figcaption>Entre los migrantes se encontraban 11 menores de edad no acompa\u00f1ados. Foto: INM<\/figcaption><\/figure>\n\n\n\n<p class=\"wp-block-paragraph\">\u201cSe trata de 11&nbsp;<strong>menores<\/strong>&nbsp;no acompa\u00f1ados, 12&nbsp;<strong>familias<\/strong>&nbsp;integradas por 27 personas y 63 adultos, 9 mujeres y 54 hombres, mismos que no pudieron acreditar su estancia regular en el pa\u00eds\u201d, detall\u00f3 la dependencia federal en un comunicado de prensa.<\/p>\n\n\n\n<h2 class=\"wp-block-heading\">Trasladan a centroamericanos a oficina migratoria<\/h2>\n\n\n\n<p class=\"wp-block-paragraph\">Tras verificar que se encontraban en&nbsp;<strong>buen estado de salud<\/strong>&nbsp;y ofrecerles agua y alimentos, las autoridades trasladaron a distintos sitios a los menores y adultos encontrados en el lugar.<\/p>\n\n\n\n<figure class=\"wp-block-image\"><img decoding=\"async\" src=\"https:\/\/heraldodemexico.com.mx\/u\/fotografias\/m\/2024\/2\/24\/f768x1-897578_897705_5050.jpeg\" alt=\"\"\/><figcaption>Los adultos fueron llevados a oficinas migratorias para resolver su estancia legal en el pa\u00eds. Foto: INM<\/figcaption><\/figure>\n\n\n\n<p class=\"wp-block-paragraph\">\u201cLos menores de edad y n\u00facleos familiares fueron puestos a resguardo del\u00a0<strong>Sistema Nacional para el Desarrollo Integral de la Familia<\/strong>, en tanto que los adultos fueron trasladados a instalaciones del\u00a0<strong>INM<\/strong>\u201d, concluy\u00f3.<\/p>\n\n\n\n<p class=\"wp-block-paragraph\">Fuente: heraldodemexico<\/p>\n","protected":false},"excerpt":{"rendered":"<p>Tras haber sido abandonados a su suerte al interior de un domicilio en la localidad de&nbsp;Santa Ana,&nbsp;Sonora, 101 migrantes de origen guatemalteco fueron rescatados por elementos del&nbsp;Instituto Nacional de Migraci\u00f3n. En el operativo participaron elementos de la\u00a0Guardia Nacional, la\u00a0Secretar\u00eda de la Defensa Nacional\u00a0y de la\u00a0Polic\u00eda Estatal\u00a0de Sonora, quienes brindaron asistencia a las personas que encontraron [&hellip;]<\/p>\n","protected":false},"author":2,"featured_media":126527,"comment_status":"open","ping_status":"open","sticky":false,"template":"","format":"standard","meta":{"footnotes":""},"categories":[23],"tags":[],"class_list":["post-126526","post","type-post","status-publish","format-standard","has-post-thumbnail","hentry","category-policiacas"],"_links":{"self":[{"href":"http:\/\/elcuartopoder.com.mx\/nw\/wp-json\/wp\/v2\/posts\/126526","targetHints":{"allow":["GET"]}}],"collection":[{"href":"http:\/\/elcuartopoder.com.mx\/nw\/wp-json\/wp\/v2\/posts"}],"about":[{"href":"http:\/\/elcuartopoder.com.mx\/nw\/wp-json\/wp\/v2\/types\/post"}],"author":[{"embeddable":true,"href":"http:\/\/elcuartopoder.com.mx\/nw\/wp-json\/wp\/v2\/users\/2"}],"replies":[{"embeddable":true,"href":"http:\/\/elcuartopoder.com.mx\/nw\/wp-json\/wp\/v2\/comments?post=126526"}],"version-history":[{"count":1,"href":"http:\/\/elcuartopoder.com.mx\/nw\/wp-json\/wp\/v2\/posts\/126526\/revisions"}],"predecessor-version":[{"id":126528,"href":"http:\/\/elcuartopoder.com.mx\/nw\/wp-json\/wp\/v2\/posts\/126526\/revisions\/126528"}],"wp:featuredmedia":[{"embeddable":true,"href":"http:\/\/elcuartopoder.com.mx\/nw\/wp-json\/wp\/v2\/media\/126527"}],"wp:attachment":[{"href":"http:\/\/elcuartopoder.com.mx\/nw\/wp-json\/wp\/v2\/media?parent=126526"}],"wp:term":[{"taxonomy":"category","embeddable":true,"href":"http:\/\/elcuartopoder.com.mx\/nw\/wp-json\/wp\/v2\/categories?post=126526"},{"taxonomy":"post_tag","embeddable":true,"href":"http:\/\/elcuartopoder.com.mx\/nw\/wp-json\/wp\/v2\/tags?post=126526"}],"curies":[{"name":"wp","href":"https:\/\/api.w.org\/{rel}","templated":true}]}}