{"id":126688,"date":"2024-03-01T15:08:21","date_gmt":"2024-03-01T20:08:21","guid":{"rendered":"http:\/\/elcuartopoder.com.mx\/nw\/?p=126688"},"modified":"2024-03-01T15:08:25","modified_gmt":"2024-03-01T20:08:25","slug":"el-covid-largo-provocaria-problemas-de-memoria-y-perdida-de-la-concentracion","status":"publish","type":"post","link":"http:\/\/elcuartopoder.com.mx\/nw\/qtp\/el-covid-largo-provocaria-problemas-de-memoria-y-perdida-de-la-concentracion\/","title":{"rendered":"El Covid largo provocar\u00eda problemas de memoria y p\u00e9rdida de la concentraci\u00f3n"},"content":{"rendered":"\n<p class=\"wp-block-paragraph\">Las secuelas que deja la infecci\u00f3n por&nbsp;<strong>Covid-19<\/strong>&nbsp;siguen siendo descubiertas por investigadores que, en un estudio reciente, descubrieron que esta enfermedad podr\u00eda provocar&nbsp;<strong>p\u00e9rdida de memoria<\/strong>&nbsp;y otros problemas cognitivos.<\/p>\n\n\n\n<p class=\"wp-block-paragraph\">Seg\u00fan un reciente estudio realizado por investigadores del\u00a0<strong>Colegio Imperial de Londres<\/strong>\u00a0y respaldado por el\u00a0<strong>Sistema de Salud Brit\u00e1nico<\/strong>, estos s\u00edntomas ser\u00edan m\u00e1s graves entre aquellas personas que padecieron el llamado \u201cCovid largo\u201d, el cual afectaba a la poblaci\u00f3n por m\u00e1s de un mes.<\/p>\n\n\n\n<p class=\"wp-block-paragraph\">\u201cLa&nbsp;<strong>memoria<\/strong>, el&nbsp;<strong>razonamiento<\/strong>&nbsp;y las funciones ejecutivas, tales como la&nbsp;<strong>planeaci\u00f3n<\/strong>, se encuentran entre las afecciones relativas al Covid-19 m\u00e1s conocidas\u201d, detalla el doctor Adam Hampshire en un art\u00edculo publicado en la Revista de Medicina de Nueva Inglaterra.<\/p>\n\n\n\n<p class=\"wp-block-paragraph\">De acuerdo con una interpretaci\u00f3n hecha por el diario The New York Times, la p\u00e9rdida de estas funciones entre las personas que padecieron la versi\u00f3n larga de la enfermedad equivaldr\u00eda a un retroceso de al menos 6&nbsp;<strong>puntos de inteligencia<\/strong>. Una persona con inteligencia promedio normalmente tiene entre 85 y 115 puntos.<\/p>\n\n\n\n<h2 class=\"wp-block-heading\">Demuestran peque\u00f1as p\u00e9rdidas de funciones cognitivas<\/h2>\n\n\n\n<p class=\"wp-block-paragraph\">En el estudio, practicado a casi 113 mil personas, se encontr\u00f3 que las p\u00e9rdidas de algunas&nbsp;<strong>funciones cerebrales<\/strong>&nbsp;podr\u00edan estar relacionadas con las primeras infecciones por Covid-19, las cuales sucedieron durante los primeros meses de 2020.<\/p>\n\n\n\n<p class=\"wp-block-paragraph\">\u201cM\u00faltiples hallazgos indican que la asociaci\u00f3n entre el&nbsp;<strong>Covid-19<\/strong>&nbsp;y los&nbsp;<strong>d\u00e9ficits cognitivos<\/strong>&nbsp;se atenuaron cuando la pandemia progres\u00f3. Encontramos d\u00e9ficits cognitivos m\u00e1s peque\u00f1os entre aquellos participantes que se infectaron durante los periodos recientes.<\/p>\n\n\n\n<figure class=\"wp-block-image\"><img decoding=\"async\" src=\"https:\/\/heraldodemexico.com.mx\/u\/fotografias\/m\/2024\/2\/29\/f768x1-900338_900465_0.jpeg\" alt=\"\"\/><figcaption>El estudio confirma la aparici\u00f3n de las llamadas \u00abbrumas mentales\u00bb i problemas de raciocinio luego del Covid largo. Foto: Pexels<\/figcaption><\/figure>\n\n\n\n<p class=\"wp-block-paragraph\">\u201cSe descubri\u00f3 que los participantes con&nbsp;<strong>s\u00edntomas persistentes<\/strong>&nbsp;resueltos tienen d\u00e9ficits cognitivos globales similares a aquellos con Covid-19 de corta duraci\u00f3n, lo que sugiere que las personas afectadas por s\u00edntomas persistentes recuperar\u00e1n la&nbsp;<strong>memoria<\/strong>&nbsp;una vez que los s\u00edntomas hayan desaparecido\u201d, se\u00f1ala el estudio.<\/p>\n\n\n\n<p class=\"wp-block-paragraph\">De acuerdo con el estudio, algunos s\u00edntomas, como los&nbsp;<strong>cambios de car\u00e1cter<\/strong>,&nbsp;<strong>fatiga<\/strong>,&nbsp;<strong>falta de concentraci\u00f3n<\/strong>&nbsp;o capacidad de&nbsp;<strong>raciocinio<\/strong>, fueron positivamente relacionados con la afecci\u00f3n por Covid-19.<\/p>\n\n\n\n<p class=\"wp-block-paragraph\">\u201cLos problemas de memoria se caracterizan m\u00e1s por una\u00a0<strong>disminuci\u00f3n en la eficacia<\/strong>\u00a0y un reconocimiento tard\u00edo de las situaciones que por olvidos acelerados. Tambi\u00e9n se han reportado incrementos de inflamaci\u00f3n en el l\u00f3bulo temporal, adem\u00e1s de una atrofia acelerada de regiones asociadas con ciertas din\u00e1micas funcionales\u00a0<strong>cerebrales<\/strong>\u201d, detalla.<\/p>\n\n\n\n<p class=\"wp-block-paragraph\">Fuente: heraldodemexico<\/p>\n","protected":false},"excerpt":{"rendered":"<p>Las secuelas que deja la infecci\u00f3n por&nbsp;Covid-19&nbsp;siguen siendo descubiertas por investigadores que, en un estudio reciente, descubrieron que esta enfermedad podr\u00eda provocar&nbsp;p\u00e9rdida de memoria&nbsp;y otros problemas cognitivos. Seg\u00fan un reciente estudio realizado por investigadores del\u00a0Colegio Imperial de Londres\u00a0y respaldado por el\u00a0Sistema de Salud Brit\u00e1nico, estos s\u00edntomas ser\u00edan m\u00e1s graves entre aquellas personas que padecieron el [&hellip;]<\/p>\n","protected":false},"author":2,"featured_media":126689,"comment_status":"open","ping_status":"open","sticky":false,"template":"","format":"standard","meta":{"footnotes":""},"categories":[58],"tags":[],"class_list":["post-126688","post","type-post","status-publish","format-standard","has-post-thumbnail","hentry","category-qtp"],"_links":{"self":[{"href":"http:\/\/elcuartopoder.com.mx\/nw\/wp-json\/wp\/v2\/posts\/126688","targetHints":{"allow":["GET"]}}],"collection":[{"href":"http:\/\/elcuartopoder.com.mx\/nw\/wp-json\/wp\/v2\/posts"}],"about":[{"href":"http:\/\/elcuartopoder.com.mx\/nw\/wp-json\/wp\/v2\/types\/post"}],"author":[{"embeddable":true,"href":"http:\/\/elcuartopoder.com.mx\/nw\/wp-json\/wp\/v2\/users\/2"}],"replies":[{"embeddable":true,"href":"http:\/\/elcuartopoder.com.mx\/nw\/wp-json\/wp\/v2\/comments?post=126688"}],"version-history":[{"count":1,"href":"http:\/\/elcuartopoder.com.mx\/nw\/wp-json\/wp\/v2\/posts\/126688\/revisions"}],"predecessor-version":[{"id":126690,"href":"http:\/\/elcuartopoder.com.mx\/nw\/wp-json\/wp\/v2\/posts\/126688\/revisions\/126690"}],"wp:featuredmedia":[{"embeddable":true,"href":"http:\/\/elcuartopoder.com.mx\/nw\/wp-json\/wp\/v2\/media\/126689"}],"wp:attachment":[{"href":"http:\/\/elcuartopoder.com.mx\/nw\/wp-json\/wp\/v2\/media?parent=126688"}],"wp:term":[{"taxonomy":"category","embeddable":true,"href":"http:\/\/elcuartopoder.com.mx\/nw\/wp-json\/wp\/v2\/categories?post=126688"},{"taxonomy":"post_tag","embeddable":true,"href":"http:\/\/elcuartopoder.com.mx\/nw\/wp-json\/wp\/v2\/tags?post=126688"}],"curies":[{"name":"wp","href":"https:\/\/api.w.org\/{rel}","templated":true}]}}