{"id":126691,"date":"2024-03-01T15:11:08","date_gmt":"2024-03-01T20:11:08","guid":{"rendered":"http:\/\/elcuartopoder.com.mx\/nw\/?p=126691"},"modified":"2024-03-01T15:11:12","modified_gmt":"2024-03-01T20:11:12","slug":"por-amenazas-decenas-de-politicos-no-quieren-ser-candidatos-a-alcaldia-de-maravatio-michoacan","status":"publish","type":"post","link":"http:\/\/elcuartopoder.com.mx\/nw\/editorial\/por-amenazas-decenas-de-politicos-no-quieren-ser-candidatos-a-alcaldia-de-maravatio-michoacan\/","title":{"rendered":"Por amenazas, decenas de pol\u00edticos no quieren ser candidatos a alcald\u00eda de Maravat\u00edo, Michoac\u00e1n"},"content":{"rendered":"\n<p class=\"wp-block-paragraph\">Rafael Tena, director de la p\u00e1gina de Enlaces Noticias 24 de Michoac\u00e1n coment\u00f3 que los partidos pol\u00edticos est\u00e1n \u00abmuy preocupados\u00bb por los asesinatos de&nbsp;Miguel \u00c1ngel Zavala, aspirante a candidato de Morena para&nbsp;presidente municipal&nbsp;de Maravat\u00edo, Michoac\u00e1n y tambi\u00e9n de Armando P\u00e9rez Luna,&nbsp;candidato del&nbsp;Partido Acci\u00f3n Nacional&nbsp;a la alcald\u00eda del mismo municipio.<\/p>\n\n\n\n<p class=\"wp-block-paragraph\">En su reporte para XEU Noticias, el periodista Rafael Tena dijo que el Partido de Encuentro Solidario, anunci\u00f3 que ocho personas que iban a ser candidatos no quisieron ser candidatos, ya que fueron amenazados por el crimen organizado.<\/p>\n\n\n\n<p class=\"wp-block-paragraph\">\u00abEl Partido Revolucionario Institucional tambi\u00e9n anunci\u00f3 que cuatro candidatos se bajaron de la contienda\u00bb.<\/p>\n\n\n\n<p class=\"wp-block-paragraph\">Agreg\u00f3 que el Fiscal del Estado present\u00f3 su reforma al Congreso y reconoci\u00f3 que los asesinatos&nbsp; en Maravat\u00edo, Michoac\u00e1n, se trat\u00f3 de grupos criminales.<\/p>\n\n\n\n<p class=\"wp-block-paragraph\">Inform\u00f3 que\u00a0los dos aspirantes asesinados, no encabezaban las preferencias en dicha regi\u00f3n.<\/p>\n\n\n\n<p class=\"wp-block-paragraph\">Fuente: XEU<\/p>\n","protected":false},"excerpt":{"rendered":"<p>Rafael Tena, director de la p\u00e1gina de Enlaces Noticias 24 de Michoac\u00e1n coment\u00f3 que los partidos pol\u00edticos est\u00e1n \u00abmuy preocupados\u00bb por los asesinatos de&nbsp;Miguel \u00c1ngel Zavala, aspirante a candidato de Morena para&nbsp;presidente municipal&nbsp;de Maravat\u00edo, Michoac\u00e1n y tambi\u00e9n de Armando P\u00e9rez Luna,&nbsp;candidato del&nbsp;Partido Acci\u00f3n Nacional&nbsp;a la alcald\u00eda del mismo municipio. En su reporte para XEU Noticias, [&hellip;]<\/p>\n","protected":false},"author":2,"featured_media":126692,"comment_status":"open","ping_status":"open","sticky":false,"template":"","format":"standard","meta":{"footnotes":""},"categories":[63],"tags":[],"class_list":["post-126691","post","type-post","status-publish","format-standard","has-post-thumbnail","hentry","category-editorial"],"_links":{"self":[{"href":"http:\/\/elcuartopoder.com.mx\/nw\/wp-json\/wp\/v2\/posts\/126691","targetHints":{"allow":["GET"]}}],"collection":[{"href":"http:\/\/elcuartopoder.com.mx\/nw\/wp-json\/wp\/v2\/posts"}],"about":[{"href":"http:\/\/elcuartopoder.com.mx\/nw\/wp-json\/wp\/v2\/types\/post"}],"author":[{"embeddable":true,"href":"http:\/\/elcuartopoder.com.mx\/nw\/wp-json\/wp\/v2\/users\/2"}],"replies":[{"embeddable":true,"href":"http:\/\/elcuartopoder.com.mx\/nw\/wp-json\/wp\/v2\/comments?post=126691"}],"version-history":[{"count":1,"href":"http:\/\/elcuartopoder.com.mx\/nw\/wp-json\/wp\/v2\/posts\/126691\/revisions"}],"predecessor-version":[{"id":126693,"href":"http:\/\/elcuartopoder.com.mx\/nw\/wp-json\/wp\/v2\/posts\/126691\/revisions\/126693"}],"wp:featuredmedia":[{"embeddable":true,"href":"http:\/\/elcuartopoder.com.mx\/nw\/wp-json\/wp\/v2\/media\/126692"}],"wp:attachment":[{"href":"http:\/\/elcuartopoder.com.mx\/nw\/wp-json\/wp\/v2\/media?parent=126691"}],"wp:term":[{"taxonomy":"category","embeddable":true,"href":"http:\/\/elcuartopoder.com.mx\/nw\/wp-json\/wp\/v2\/categories?post=126691"},{"taxonomy":"post_tag","embeddable":true,"href":"http:\/\/elcuartopoder.com.mx\/nw\/wp-json\/wp\/v2\/tags?post=126691"}],"curies":[{"name":"wp","href":"https:\/\/api.w.org\/{rel}","templated":true}]}}