{"id":126702,"date":"2024-03-04T09:32:19","date_gmt":"2024-03-04T14:32:19","guid":{"rendered":"http:\/\/elcuartopoder.com.mx\/nw\/?p=126702"},"modified":"2024-03-04T09:32:23","modified_gmt":"2024-03-04T14:32:23","slug":"hedor-de-muerte-hallan-un-cuerpo-putrefacto-en-el-tramo-carretero-playa-del-carmen-tulum","status":"publish","type":"post","link":"http:\/\/elcuartopoder.com.mx\/nw\/policiacas\/hedor-de-muerte-hallan-un-cuerpo-putrefacto-en-el-tramo-carretero-playa-del-carmen-tulum\/","title":{"rendered":"HEDOR DE MUERTE: Hallan un cuerpo putrefacto en el tramo carretero Playa del Carmen-Tulum"},"content":{"rendered":"\n<p class=\"wp-block-paragraph\"><strong>PLAYA DEL CARMEN, MX.-<\/strong>\u00a0Un cuerpo sin vida, en avanzado estado de descomposici\u00f3n, fue encontrado esta tarde en un \u00e1rea de verde que est\u00e1 en la orilla del tramo carretero Playa del Carmen-Tulum, a la altura de Punta Venado.El hallazgo de este cuerpo, seg\u00fan datos preliminares, fue hecho alrededor del mediod\u00eda, aparentemente por un vecino de la zona, quien se alert\u00f3 por el olor a putrefacci\u00f3n que desprend\u00eda el \u00e1rea.Lo anterior provoc\u00f3 el arribo de elementos polic\u00edacos, quienes poco despu\u00e9s encontraron el cuerpo tirado en medio del \u00e1rea verde.Informaci\u00f3n preliminar refiere que el cuerpo corresponde a un hombre, aunque este dato deber\u00e1 ser confirmado en breve por las autoridades polic\u00edacas.Finalmente, peritos de la Fiscal\u00eda General del Estado se encargaron de levantar evidencias y trasladar el cuerpo al Servicio M\u00e9dico Forense.<\/p>\n\n\n\n<p class=\"wp-block-paragraph\">Fuente: noticaribe<\/p>\n","protected":false},"excerpt":{"rendered":"<p>PLAYA DEL CARMEN, MX.-\u00a0Un cuerpo sin vida, en avanzado estado de descomposici\u00f3n, fue encontrado esta tarde en un \u00e1rea de verde que est\u00e1 en la orilla del tramo carretero Playa del Carmen-Tulum, a la altura de Punta Venado.El hallazgo de este cuerpo, seg\u00fan datos preliminares, fue hecho alrededor del mediod\u00eda, aparentemente por un vecino de [&hellip;]<\/p>\n","protected":false},"author":2,"featured_media":126703,"comment_status":"open","ping_status":"open","sticky":false,"template":"","format":"standard","meta":{"footnotes":""},"categories":[23],"tags":[],"class_list":["post-126702","post","type-post","status-publish","format-standard","has-post-thumbnail","hentry","category-policiacas"],"_links":{"self":[{"href":"http:\/\/elcuartopoder.com.mx\/nw\/wp-json\/wp\/v2\/posts\/126702","targetHints":{"allow":["GET"]}}],"collection":[{"href":"http:\/\/elcuartopoder.com.mx\/nw\/wp-json\/wp\/v2\/posts"}],"about":[{"href":"http:\/\/elcuartopoder.com.mx\/nw\/wp-json\/wp\/v2\/types\/post"}],"author":[{"embeddable":true,"href":"http:\/\/elcuartopoder.com.mx\/nw\/wp-json\/wp\/v2\/users\/2"}],"replies":[{"embeddable":true,"href":"http:\/\/elcuartopoder.com.mx\/nw\/wp-json\/wp\/v2\/comments?post=126702"}],"version-history":[{"count":1,"href":"http:\/\/elcuartopoder.com.mx\/nw\/wp-json\/wp\/v2\/posts\/126702\/revisions"}],"predecessor-version":[{"id":126704,"href":"http:\/\/elcuartopoder.com.mx\/nw\/wp-json\/wp\/v2\/posts\/126702\/revisions\/126704"}],"wp:featuredmedia":[{"embeddable":true,"href":"http:\/\/elcuartopoder.com.mx\/nw\/wp-json\/wp\/v2\/media\/126703"}],"wp:attachment":[{"href":"http:\/\/elcuartopoder.com.mx\/nw\/wp-json\/wp\/v2\/media?parent=126702"}],"wp:term":[{"taxonomy":"category","embeddable":true,"href":"http:\/\/elcuartopoder.com.mx\/nw\/wp-json\/wp\/v2\/categories?post=126702"},{"taxonomy":"post_tag","embeddable":true,"href":"http:\/\/elcuartopoder.com.mx\/nw\/wp-json\/wp\/v2\/tags?post=126702"}],"curies":[{"name":"wp","href":"https:\/\/api.w.org\/{rel}","templated":true}]}}