{"id":126705,"date":"2024-03-04T09:34:19","date_gmt":"2024-03-04T14:34:19","guid":{"rendered":"http:\/\/elcuartopoder.com.mx\/nw\/?p=126705"},"modified":"2024-03-04T09:34:21","modified_gmt":"2024-03-04T14:34:21","slug":"previo-al-inicio-de-la-primavera-superara-cancun-y-tulum-80-de-ocupacion-en-proximo-fin-de-semana-largo-estima-la-sectur","status":"publish","type":"post","link":"http:\/\/elcuartopoder.com.mx\/nw\/varios\/previo-al-inicio-de-la-primavera-superara-cancun-y-tulum-80-de-ocupacion-en-proximo-fin-de-semana-largo-estima-la-sectur\/","title":{"rendered":"PREVIO AL INICIO DE LA PRIMAVERA: Superar\u00e1 Canc\u00fan y Tulum 80% de ocupaci\u00f3n en pr\u00f3ximo fin de semana largo, estima la Sectur"},"content":{"rendered":"\n<p class=\"wp-block-paragraph\"><strong>CANC\u00daN, MX.-<\/strong>\u00a0Durante el pr\u00f3ximo fin de semana largo, la Secretar\u00eda de Turismo federal prev\u00e9 una derrama econ\u00f3mica de 48 millones de d\u00f3lares y una ocupaci\u00f3n hotelera a nivel nacional de hasta 66.1%, donde los destinos de sol y playa ser\u00e1n los de mayor demanda.Mediante un comunicado, la Sectur resalt\u00f3 que, para el segundo fin de semana largo del 2024, que abarca del 15 al 18 de marzo, se proyecta una ocupaci\u00f3n en destinos como Canc\u00fan, Puerto Vallarta, Los Cabos y Tulum, por arriba del 80%.En el caso espec\u00edfico de Canc\u00fan se contempla un 83.4% de ocupaci\u00f3n de cuartos ocupados y para Tulum un 81.8%.La ocupaci\u00f3n hotelera a nivel nacional ser\u00e1 de 66.1%, esto representa 0.3 puntos porcentuales m\u00e1s, comparado con el mismo fin de semana largo del 2023, el cual registr\u00f3 65.8% de ocupaci\u00f3n general.Adicionalmente, se prev\u00e9 que un mill\u00f3n 994 mil turistas nacionales optar\u00e1n por diversas formas de hospedaje, como casas de familiares y amigos, as\u00ed como segundas residencias.Esto eleva la cifra total de turistas nacionales a tres millones 291 mil.Asimismo, se contempla que 281 mil turistas, tanto nacionales como extranjeros que viajar\u00e1n a los diversos destinos, elijan alojamientos de econom\u00edas colaborativas ofrecidos en plataformas digitales.<\/p>\n\n\n\n<p class=\"wp-block-paragraph\">Fuente: noticaribe<\/p>\n","protected":false},"excerpt":{"rendered":"<p>CANC\u00daN, MX.-\u00a0Durante el pr\u00f3ximo fin de semana largo, la Secretar\u00eda de Turismo federal prev\u00e9 una derrama econ\u00f3mica de 48 millones de d\u00f3lares y una ocupaci\u00f3n hotelera a nivel nacional de hasta 66.1%, donde los destinos de sol y playa ser\u00e1n los de mayor demanda.Mediante un comunicado, la Sectur resalt\u00f3 que, para el segundo fin de [&hellip;]<\/p>\n","protected":false},"author":2,"featured_media":126706,"comment_status":"open","ping_status":"open","sticky":false,"template":"","format":"standard","meta":{"footnotes":""},"categories":[64],"tags":[],"class_list":["post-126705","post","type-post","status-publish","format-standard","has-post-thumbnail","hentry","category-varios"],"_links":{"self":[{"href":"http:\/\/elcuartopoder.com.mx\/nw\/wp-json\/wp\/v2\/posts\/126705","targetHints":{"allow":["GET"]}}],"collection":[{"href":"http:\/\/elcuartopoder.com.mx\/nw\/wp-json\/wp\/v2\/posts"}],"about":[{"href":"http:\/\/elcuartopoder.com.mx\/nw\/wp-json\/wp\/v2\/types\/post"}],"author":[{"embeddable":true,"href":"http:\/\/elcuartopoder.com.mx\/nw\/wp-json\/wp\/v2\/users\/2"}],"replies":[{"embeddable":true,"href":"http:\/\/elcuartopoder.com.mx\/nw\/wp-json\/wp\/v2\/comments?post=126705"}],"version-history":[{"count":1,"href":"http:\/\/elcuartopoder.com.mx\/nw\/wp-json\/wp\/v2\/posts\/126705\/revisions"}],"predecessor-version":[{"id":126707,"href":"http:\/\/elcuartopoder.com.mx\/nw\/wp-json\/wp\/v2\/posts\/126705\/revisions\/126707"}],"wp:featuredmedia":[{"embeddable":true,"href":"http:\/\/elcuartopoder.com.mx\/nw\/wp-json\/wp\/v2\/media\/126706"}],"wp:attachment":[{"href":"http:\/\/elcuartopoder.com.mx\/nw\/wp-json\/wp\/v2\/media?parent=126705"}],"wp:term":[{"taxonomy":"category","embeddable":true,"href":"http:\/\/elcuartopoder.com.mx\/nw\/wp-json\/wp\/v2\/categories?post=126705"},{"taxonomy":"post_tag","embeddable":true,"href":"http:\/\/elcuartopoder.com.mx\/nw\/wp-json\/wp\/v2\/tags?post=126705"}],"curies":[{"name":"wp","href":"https:\/\/api.w.org\/{rel}","templated":true}]}}