{"id":126845,"date":"2024-03-08T09:29:52","date_gmt":"2024-03-08T14:29:52","guid":{"rendered":"http:\/\/elcuartopoder.com.mx\/nw\/?p=126845"},"modified":"2024-03-08T09:29:56","modified_gmt":"2024-03-08T14:29:56","slug":"argentina-comienza-a-emular-el-estilo-bukele-en-las-carceles","status":"publish","type":"post","link":"http:\/\/elcuartopoder.com.mx\/nw\/destacadas\/argentina-comienza-a-emular-el-estilo-bukele-en-las-carceles\/","title":{"rendered":"Argentina comienza a emular el estilo Bukele en las c\u00e1rceles"},"content":{"rendered":"\n<p>Las im\u00e1genes de prisioneros medio desnudos en Argentina con las manos atadas a la espalda han generado cr\u00edticas y elogios en el pa\u00eds, y muchos citan ecos del\u00a0enfoque de l\u00ednea dura del presidente de El Salvador, Nayib Bukele, hacia las bandas de narcotraficantes y el crimen.<\/p>\n\n\n\n<p>El gobernador de la provincia de Santa Fe, Maximiliano Pullaro, comparti\u00f3 el martes detalles de un reciente operativo policial de b\u00fasqueda en el complejo carcelario de Pi\u00f1ero, donde se encuentran varios narcotraficantes de alto perfil.<\/p>\n\n\n\n<p>La ministra de Seguridad de Argentina,\u00a0Patricia Bullrich, comparti\u00f3 el mi\u00e9rcoles las im\u00e1genes en X y elogi\u00f3 las acciones del gobernador. Anteriormente aplaudi\u00f3 el enfoque de Bukele hacia los delitos relacionados con las drogas y dijo que estaba \u00abinteresada en adaptar el modelo de Bukele \u00bb a Argentina.<\/p>\n\n\n\n<p><strong>\u00abLo van a pasar cada vez peor\u00bb<\/strong>, escribi\u00f3 Pullaro en su cuenta de Instagram, junto a una fotograf\u00eda de los prisioneros con el torso desnudo y la cabeza inclinada, rodeados por guardias con uniforme militar. \u00abDesde las c\u00e1rceles salen \u00f3rdenes que hacen la vida imposible a los santafesinos\u00bb, agreg\u00f3 el gobernador. \u00abNo daremos marcha atr\u00e1s ante las amenazas\u00bb.<\/p>\n\n\n\n<p>Santa Fe es el hogar de la estrat\u00e9gica ciudad portuaria de granos de Rosario, que el a\u00f1o pasado registr\u00f3 una de las tasas de homicidios m\u00e1s altas en Argentina mientras las bandas criminales luchan por el territorio del narcotr\u00e1fico. Se han realizado m\u00faltiples inspecciones carcelarias sorpresa desde que el gobernador conservador asumi\u00f3 el cargo en diciembre.<\/p>\n\n\n\n<figure class=\"wp-block-image\"><img decoding=\"async\" src=\"https:\/\/s1.abcstatics.com\/abc\/www\/multimedia\/internacional\/2024\/03\/07\/santafe2-U20172320304fTC-760x510@diario_abc.jpg\" alt=\"Argentina comienza a emular el estilo Bukele en las c\u00e1rceles\"\/><figcaption>AFP \/ GOBIERNO DE SANTA FE<\/figcaption><\/figure>\n\n\n\n<p>El Centro de Estudios Jur\u00eddicos y Sociales de Argentina, una organizaci\u00f3n de derechos humanos, critic\u00f3 la medida: \u00ab<strong>La humillaci\u00f3n en las c\u00e1rceles de Santa Fe, no le da a nadie mayor seguridad<\/strong>\u00bb, respondi\u00f3 la organizaci\u00f3n el mi\u00e9rcoles en una publicaci\u00f3n en X.<\/p>\n\n\n\n<p>Otros cr\u00edticos dijeron que las im\u00e1genes recordaban el material que suele publicar Bukele, de El Salvador, quien ha tomado sus propias medidas draconianas para abordar el crimen que ha dado lugar a acusaciones de\u00a0abusos contra los derechos humanos, aunque tambi\u00e9n se ha ganado elogios por ayudar a derribar alt\u00edsimos tasas de crimen.<\/p>\n\n\n\n<figure class=\"wp-block-image\"><img decoding=\"async\" src=\"https:\/\/s3.abcstatics.com\/abc\/www\/multimedia\/internacional\/2024\/03\/07\/santafe3-U01727706722Wuk-760x500@diario_abc.jpg\" alt=\"Registro en la Unidad Penitenciaria N\u00ba 11 en Pi\u00f1ero, cerca de Rosario, en la provincia de Santa Fe, Argentina\"\/><figcaption>Registro en la Unidad Penitenciaria N\u00ba 11 en Pi\u00f1ero, cerca de Rosario, en la provincia de Santa Fe, Argentina&nbsp;AFP \/ GOBIERNO DE SANTA FE<\/figcaption><\/figure>\n\n\n\n<p>Bukele envi\u00f3 a su ministro de seguridad a Buenos Aires para la toma de posesi\u00f3n del presidente\u00a0Javier Milei\u00a0y recientemente extendi\u00f3 su oferta de \u00abcooperaci\u00f3n\u00bb con Argentina \u00aben todo lo relacionado con la seguridad\u00bb, al margen de la Conferencia de Acci\u00f3n Pol\u00edtica Conservadora en Washington.<\/p>\n\n\n\n<p>Fuente: ABC<\/p>\n","protected":false},"excerpt":{"rendered":"<p>Las im\u00e1genes de prisioneros medio desnudos en Argentina con las manos atadas a la espalda han generado cr\u00edticas y elogios en el pa\u00eds, y muchos citan ecos del\u00a0enfoque de l\u00ednea dura del presidente de El Salvador, Nayib Bukele, hacia las bandas de narcotraficantes y el crimen. El gobernador de la provincia de Santa Fe, Maximiliano [&hellip;]<\/p>\n","protected":false},"author":2,"featured_media":126846,"comment_status":"open","ping_status":"open","sticky":false,"template":"","format":"standard","meta":{"footnotes":""},"categories":[59],"tags":[],"class_list":["post-126845","post","type-post","status-publish","format-standard","has-post-thumbnail","hentry","category-destacadas"],"_links":{"self":[{"href":"http:\/\/elcuartopoder.com.mx\/nw\/wp-json\/wp\/v2\/posts\/126845","targetHints":{"allow":["GET"]}}],"collection":[{"href":"http:\/\/elcuartopoder.com.mx\/nw\/wp-json\/wp\/v2\/posts"}],"about":[{"href":"http:\/\/elcuartopoder.com.mx\/nw\/wp-json\/wp\/v2\/types\/post"}],"author":[{"embeddable":true,"href":"http:\/\/elcuartopoder.com.mx\/nw\/wp-json\/wp\/v2\/users\/2"}],"replies":[{"embeddable":true,"href":"http:\/\/elcuartopoder.com.mx\/nw\/wp-json\/wp\/v2\/comments?post=126845"}],"version-history":[{"count":1,"href":"http:\/\/elcuartopoder.com.mx\/nw\/wp-json\/wp\/v2\/posts\/126845\/revisions"}],"predecessor-version":[{"id":126847,"href":"http:\/\/elcuartopoder.com.mx\/nw\/wp-json\/wp\/v2\/posts\/126845\/revisions\/126847"}],"wp:featuredmedia":[{"embeddable":true,"href":"http:\/\/elcuartopoder.com.mx\/nw\/wp-json\/wp\/v2\/media\/126846"}],"wp:attachment":[{"href":"http:\/\/elcuartopoder.com.mx\/nw\/wp-json\/wp\/v2\/media?parent=126845"}],"wp:term":[{"taxonomy":"category","embeddable":true,"href":"http:\/\/elcuartopoder.com.mx\/nw\/wp-json\/wp\/v2\/categories?post=126845"},{"taxonomy":"post_tag","embeddable":true,"href":"http:\/\/elcuartopoder.com.mx\/nw\/wp-json\/wp\/v2\/tags?post=126845"}],"curies":[{"name":"wp","href":"https:\/\/api.w.org\/{rel}","templated":true}]}}