{"id":127066,"date":"2024-03-15T09:31:45","date_gmt":"2024-03-15T14:31:45","guid":{"rendered":"http:\/\/elcuartopoder.com.mx\/nw\/?p=127066"},"modified":"2024-03-15T09:31:49","modified_gmt":"2024-03-15T14:31:49","slug":"experto-alerta-de-que-la-informacion-del-telefono-movil-se-escucha-aunque-este-apagado","status":"publish","type":"post","link":"http:\/\/elcuartopoder.com.mx\/nw\/entretenimiento\/tecnologia\/experto-alerta-de-que-la-informacion-del-telefono-movil-se-escucha-aunque-este-apagado\/","title":{"rendered":"Experto alerta de que la informaci\u00f3n del tel\u00e9fono m\u00f3vil se escucha, aunque est\u00e9 apagado"},"content":{"rendered":"\n<p>La bater\u00eda de los tel\u00e9fonos m\u00f3viles permite que pueda ser escuchada o visualizada toda la informaci\u00f3n que contienen, aunque est\u00e9n apagados, alert\u00f3 este mi\u00e9rcoles el doctor en Econom\u00eda y Empresa de la Universidad Aut\u00f3noma de San Luis de Potos\u00ed (M\u00e9xico), Juan Carlos Y\u00e1\u00f1ez-Luna.<\/p>\n\n\n\n<p>Y\u00e1\u00f1ez-Luna afirm\u00f3 esto en el encuentro internacional ETHICOMP, que re\u00fane a 68 expertos de 15 pa\u00edses en la Universidad espa\u00f1ola de La Rioja, con el fin de abordar el impacto \u00e9tico y social de las Tecnolog\u00edas de la Informaci\u00f3n y la Comunicaci\u00f3n (TIC).<\/p>\n\n\n\n<p>\u00abQuiz\u00e1s, es dif\u00edcil saber qui\u00e9n puede visualizar o escuchar\u00bb el contenido de toda la informaci\u00f3n que contiene un tel\u00e9fono m\u00f3vil cuando est\u00e1 apagado, pero s\u00ed puede hacerse porque \u00abtodo se almacena en un punto\u00bb, a\u00f1adi\u00f3 en declaraciones a los periodistas.<\/p>\n\n\n\n<p>Por ejemplo, los servidores donde se almacena la informaci\u00f3n, precis\u00f3, podr\u00edan tener acceso a la misma, como puede ser tambi\u00e9n el caso de plataformas como Facebook o Google Maps, que, en este \u00faltimo caso, puede llegar a conocer la ubicaci\u00f3n que ha tenido la persona titular del dispositivo o la ruta que ha realizado en un momento determinado.<\/p>\n\n\n\n<p>Por ello, destac\u00f3 la importancia de \u00abestar atentos y saber exactamente qu\u00e9 se puede ofrecer y qu\u00e9 callar\u00bb a la hora de volcar informaci\u00f3n a un dispositivo u ordenador, detr\u00e1s del que hay servidores, plataformas o redes sociales que se tienen contratadas.<\/p>\n\n\n\n<p>Explic\u00f3 que la tecnolog\u00eda y la inteligencia artificial (IA) impactaron en la sociedad de tal manera que la ciudadan\u00eda no puede desaparecer del mundo, pero s\u00ed \u00abser prudente\u00bb a la hora de subir y colgar en esa tecnolog\u00eda.<\/p>\n\n\n\n<p>Y\u00e1\u00f1ez-Luna aconsej\u00f3 no hacer p\u00fablica en estas plataformas la informaci\u00f3n que no se quiera que pueda ser utilizada y \u00fanicamente volcar lo que s\u00ed se quiera.<\/p>\n\n\n\n<p>Tambi\u00e9n dijo que la IA no es un tema nuevo y se est\u00e1 trabajando desde hace muchos a\u00f1os, pero adquiri\u00f3 ahora el bum por el avance de unos procesadores que son m\u00e1s potentes y que pueden trabajar algoritmos de manera muy r\u00e1pida.<\/p>\n\n\n\n<p>Ello permite que \u00abtoda la informaci\u00f3n se procese muy r\u00e1pidamente, en segundos\u00bb, recalc\u00f3 Y\u00e1\u00f1ez-Luna.<\/p>\n\n\n\n<p>En este encuentro los congresistas debaten, entre otros aspectos, sobre la \u00e9tica y la tecnolog\u00eda en campos como el comercio minorista, el turismo, la educaci\u00f3n, la seguridad, los cambios tecnol\u00f3gicos, la inteligencia artificial y las diferencias de g\u00e9nero.<\/p>\n\n\n\n<p>Tambi\u00e9n se aborda la evoluci\u00f3n de la IA y el hecho de que los seres humanos se desarrollen en la medida en que la tecnolog\u00eda se lo permita, por ejemplo, con implantes en el cuerpo.<\/p>\n\n\n\n<p>Fuente: XEU<\/p>\n","protected":false},"excerpt":{"rendered":"<p>La bater\u00eda de los tel\u00e9fonos m\u00f3viles permite que pueda ser escuchada o visualizada toda la informaci\u00f3n que contienen, aunque est\u00e9n apagados, alert\u00f3 este mi\u00e9rcoles el doctor en Econom\u00eda y Empresa de la Universidad Aut\u00f3noma de San Luis de Potos\u00ed (M\u00e9xico), Juan Carlos Y\u00e1\u00f1ez-Luna. Y\u00e1\u00f1ez-Luna afirm\u00f3 esto en el encuentro internacional ETHICOMP, que re\u00fane a 68 [&hellip;]<\/p>\n","protected":false},"author":2,"featured_media":127067,"comment_status":"open","ping_status":"open","sticky":false,"template":"","format":"standard","meta":{"footnotes":""},"categories":[57],"tags":[],"class_list":["post-127066","post","type-post","status-publish","format-standard","has-post-thumbnail","hentry","category-tecnologia"],"_links":{"self":[{"href":"http:\/\/elcuartopoder.com.mx\/nw\/wp-json\/wp\/v2\/posts\/127066","targetHints":{"allow":["GET"]}}],"collection":[{"href":"http:\/\/elcuartopoder.com.mx\/nw\/wp-json\/wp\/v2\/posts"}],"about":[{"href":"http:\/\/elcuartopoder.com.mx\/nw\/wp-json\/wp\/v2\/types\/post"}],"author":[{"embeddable":true,"href":"http:\/\/elcuartopoder.com.mx\/nw\/wp-json\/wp\/v2\/users\/2"}],"replies":[{"embeddable":true,"href":"http:\/\/elcuartopoder.com.mx\/nw\/wp-json\/wp\/v2\/comments?post=127066"}],"version-history":[{"count":1,"href":"http:\/\/elcuartopoder.com.mx\/nw\/wp-json\/wp\/v2\/posts\/127066\/revisions"}],"predecessor-version":[{"id":127068,"href":"http:\/\/elcuartopoder.com.mx\/nw\/wp-json\/wp\/v2\/posts\/127066\/revisions\/127068"}],"wp:featuredmedia":[{"embeddable":true,"href":"http:\/\/elcuartopoder.com.mx\/nw\/wp-json\/wp\/v2\/media\/127067"}],"wp:attachment":[{"href":"http:\/\/elcuartopoder.com.mx\/nw\/wp-json\/wp\/v2\/media?parent=127066"}],"wp:term":[{"taxonomy":"category","embeddable":true,"href":"http:\/\/elcuartopoder.com.mx\/nw\/wp-json\/wp\/v2\/categories?post=127066"},{"taxonomy":"post_tag","embeddable":true,"href":"http:\/\/elcuartopoder.com.mx\/nw\/wp-json\/wp\/v2\/tags?post=127066"}],"curies":[{"name":"wp","href":"https:\/\/api.w.org\/{rel}","templated":true}]}}