{"id":127069,"date":"2024-03-15T09:38:54","date_gmt":"2024-03-15T14:38:54","guid":{"rendered":"http:\/\/elcuartopoder.com.mx\/nw\/?p=127069"},"modified":"2024-03-15T09:38:58","modified_gmt":"2024-03-15T14:38:58","slug":"el-ejercito-no-debe-construir-ni-administrar-trenes-o-aerolineas-alvarez-maynez","status":"publish","type":"post","link":"http:\/\/elcuartopoder.com.mx\/nw\/nacionales\/el-ejercito-no-debe-construir-ni-administrar-trenes-o-aerolineas-alvarez-maynez\/","title":{"rendered":"El Ej\u00e9rcito no debe construir ni administrar trenes o aerol\u00edneas: \u00c1lvarez M\u00e1ynez"},"content":{"rendered":"\n<p>El Ejercito no tiene que ser un competidor directo de las empresas constructoras ni administrar trenes o\u00a0aerol\u00edneas, porque eso les va a generar grandes problemas de d\u00e9ficit, consider\u00f3 el candidato Presidencial de Movimiento Ciudadano,\u00a0<strong>Jorge \u00c1lvarez M\u00e1ynez<\/strong>.<\/p>\n\n\n\n<p>\u00abEl problema de la militarizaci\u00f3n es un problema que no ha sido dimensionado en todo lo que est\u00e1 afectando. Hemos dicho que la militarizaci\u00f3n es una forma de estatizaci\u00f3n\u00bb, coment\u00f3.<\/p>\n\n\n\n<p>En su participaci\u00f3n durante el Congreso de la C\u00e1mara Mexicana de la Industria de la Construcci\u00f3n (<strong>CMIC<\/strong>), el candidato dijo que Fausto Barajas, subsecretario de Infraestructura en el sexenio del presidente Felipe Calder\u00f3n, es quien lo apoya en los temas de infraestructura y es su v\u00ednculo con los constructores.<\/p>\n\n\n\n<p>Cuestionado sobre la creciente participaci\u00f3n de la Secretar\u00eda de la Defensa Nacional (<strong>Sedena<\/strong>) en actividades de civiles que antes no ten\u00eda, respondi\u00f3:<\/p>\n\n\n\n<p>\u00abEl Gobierno no tiene porqu\u00e9 administrar trenes, aerol\u00edneas ni mucho menos ser un competidor directo de las constructoras (&#8230;) En unos a\u00f1os el presupuesto que se le asigne (a la Sedena) tendr\u00e1 que destinarse para atender el d\u00e9ficit que se va a generar\u00bb, refiri\u00f3.<\/p>\n\n\n\n<p>Adem\u00e1s, destac\u00f3 que el hecho de que las fuerzas armadas participen en\u00a0grandes proyectos de infraestructura\u00a0no ha ayudado para conocer los detalles de las obras y, por el contrario, se ha fomentado la opacidad con la reserva de informacion por motivos de seguridad nacional.<\/p>\n\n\n\n<p><strong>\u00c1lvarez M\u00e1ynez<\/strong>&nbsp;tambi\u00e9n respondi\u00f3 a la pregunta de los constructores si se sumar\u00eda a otra candidata si no encuentra posibilidades reales de triunfo.<\/p>\n\n\n\n<p>Desde su perspectiva, la sociedad est\u00e1 polarizada y hay quienes desean que&nbsp;<strong>Morena<\/strong>&nbsp;deje el gobierno y otros que no quieren que el&nbsp;<strong>PRI<\/strong>&nbsp;o el&nbsp;<strong>PAN<\/strong>&nbsp;vuelvan al poder.<\/p>\n\n\n\n<p>En dicho sentido apunt\u00f3 que est\u00e1 convencido de que esa polarizaci\u00f3n no ayuda al pa\u00eds y que sin sumarse a otra fuerza seguir\u00e1 su camino de convencer a j\u00f3venes y otros grupos, porque el camino de M\u00e9xico no debe ir en el camino de la polarizaci\u00f3n.<\/p>\n\n\n\n<h2 class=\"wp-block-heading\">Mayor error econ\u00f3mico, la cancelaci\u00f3n del aeropuerto de Texcoco<\/h2>\n\n\n\n<p>Ante representantes de la industria constructora, \u00c1lvarez M\u00e1ynez se\u00f1al\u00f3 que el mayor error econ\u00f3mico de este gobierno fue la cancelaci\u00f3n del proyecto del&nbsp;<strong>aeropuerto en Texcoco<\/strong>, no solamente por los costos, sino por la desconfianza que genero en los inversionistas.<\/p>\n\n\n\n<p>El aspirante presidencial dijo que se puede o no estar de acuerdo con muchos de los proyectos de este o los anteriores gobiernos, no obstante, asever\u00f3 que llegar a cancelarlos \u201ces un da\u00f1o patrimonial al Estado mexicano\u201d.<\/p>\n\n\n\n<p>Adem\u00e1s, advirti\u00f3 que cancelar obras como el proyecto del aeropuerto en Texcoco tambi\u00e9n genera una perdida de confianza absoluta entre los inversionistas, pues m\u00e1s all\u00e1 de lo econ\u00f3mico, en t\u00e9rminos simb\u00f3licos \u201cde lo que en econom\u00eda se llama se\u00f1alizaci\u00f3n para la iniciativa privada tanto nacional como extranjera, por eso debemos comprometernos con la certidumbre jur\u00eddica\u201d.<\/p>\n\n\n\n<p>Fuente: eleconomista<\/p>\n","protected":false},"excerpt":{"rendered":"<p>El Ejercito no tiene que ser un competidor directo de las empresas constructoras ni administrar trenes o\u00a0aerol\u00edneas, porque eso les va a generar grandes problemas de d\u00e9ficit, consider\u00f3 el candidato Presidencial de Movimiento Ciudadano,\u00a0Jorge \u00c1lvarez M\u00e1ynez. \u00abEl problema de la militarizaci\u00f3n es un problema que no ha sido dimensionado en todo lo que est\u00e1 afectando. [&hellip;]<\/p>\n","protected":false},"author":2,"featured_media":127070,"comment_status":"open","ping_status":"open","sticky":false,"template":"","format":"standard","meta":{"footnotes":""},"categories":[55],"tags":[],"class_list":["post-127069","post","type-post","status-publish","format-standard","has-post-thumbnail","hentry","category-nacionales"],"_links":{"self":[{"href":"http:\/\/elcuartopoder.com.mx\/nw\/wp-json\/wp\/v2\/posts\/127069","targetHints":{"allow":["GET"]}}],"collection":[{"href":"http:\/\/elcuartopoder.com.mx\/nw\/wp-json\/wp\/v2\/posts"}],"about":[{"href":"http:\/\/elcuartopoder.com.mx\/nw\/wp-json\/wp\/v2\/types\/post"}],"author":[{"embeddable":true,"href":"http:\/\/elcuartopoder.com.mx\/nw\/wp-json\/wp\/v2\/users\/2"}],"replies":[{"embeddable":true,"href":"http:\/\/elcuartopoder.com.mx\/nw\/wp-json\/wp\/v2\/comments?post=127069"}],"version-history":[{"count":1,"href":"http:\/\/elcuartopoder.com.mx\/nw\/wp-json\/wp\/v2\/posts\/127069\/revisions"}],"predecessor-version":[{"id":127071,"href":"http:\/\/elcuartopoder.com.mx\/nw\/wp-json\/wp\/v2\/posts\/127069\/revisions\/127071"}],"wp:featuredmedia":[{"embeddable":true,"href":"http:\/\/elcuartopoder.com.mx\/nw\/wp-json\/wp\/v2\/media\/127070"}],"wp:attachment":[{"href":"http:\/\/elcuartopoder.com.mx\/nw\/wp-json\/wp\/v2\/media?parent=127069"}],"wp:term":[{"taxonomy":"category","embeddable":true,"href":"http:\/\/elcuartopoder.com.mx\/nw\/wp-json\/wp\/v2\/categories?post=127069"},{"taxonomy":"post_tag","embeddable":true,"href":"http:\/\/elcuartopoder.com.mx\/nw\/wp-json\/wp\/v2\/tags?post=127069"}],"curies":[{"name":"wp","href":"https:\/\/api.w.org\/{rel}","templated":true}]}}