{"id":127072,"date":"2024-03-15T09:42:42","date_gmt":"2024-03-15T14:42:42","guid":{"rendered":"http:\/\/elcuartopoder.com.mx\/nw\/?p=127072"},"modified":"2024-03-15T09:42:46","modified_gmt":"2024-03-15T14:42:46","slug":"joel-montero-el-tenor-chetumaleno-que-conquista-europa","status":"publish","type":"post","link":"http:\/\/elcuartopoder.com.mx\/nw\/entretenimiento\/espectaculos\/joel-montero-el-tenor-chetumaleno-que-conquista-europa\/","title":{"rendered":"Joel Montero, el tenor chetumale\u00f1o que conquista Europa"},"content":{"rendered":"\n<p><strong>Joel Montero&nbsp;<\/strong>es&nbsp;uno de los&nbsp;<strong>tenores mexicanos<\/strong>&nbsp;m\u00e1s queridos por el pueblo quintanarroense, ya que gracias a su dedicaci\u00f3n y constancia, el nacido en&nbsp;<strong>Chetumal<\/strong>, ha logrado conquistar grandes escenarios alrededor del mundo, poniendo en alto el nombre de M\u00e9xico en cada uno de ellos.<\/p>\n\n\n\n<p>En exclusiva para&nbsp;<strong>Novedades Quintana Roo<\/strong>, Montero comparte sus alegr\u00edas y c\u00f3mo la vida ha recompensado tantos a\u00f1os de trabajo, de confianza en s\u00ed mismo y de profesionalismo, ahora como Canio en<em>&nbsp;\u00abLos Payasos\u00bb&nbsp;<\/em>de Ruggero Leoncavallo, una \u00f3pera que se sumerge en las profundidades de la tragedia humana a trav\u00e9s de la vida de una compa\u00f1\u00eda de teatro ambulante.<\/p>\n\n\n\n<p>En el coraz\u00f3n de la obra est\u00e1 Canio, el protagonista principal, cuyo papel es una detonaci\u00f3n de emociones desgarradoras.&nbsp;&nbsp;<\/p>\n\n\n\n<blockquote class=\"wp-block-quote is-layout-flow wp-block-quote-is-layout-flow\"><p><em>\u201cEstoy muy contento por el momento que atraviesa mi carrera. Es para m\u00ed una necesidad comunicar estas alegr\u00edas a mis paisanos de M\u00e9xico y especialmente a los de Quintana Roo, porque al fin de cuentas, son el resultado de muchos a\u00f1os de trabajo. En Europa no es f\u00e1cil triunfar o mantenerse por m\u00e1s de 20 a\u00f1os compitiendo a un nivel muy elevado\u201d<\/em>, comparti\u00f3 el tenor, quien contin\u00faa triunfando en el viejo continente.<\/p><p><em>\u201cAl concluir las funciones de esta producci\u00f3n, comenzaremos con un nuevo personaje: \u00ab<\/em><strong><em>Mario Cavaradossi<\/em><\/strong><em>\u00bb de la \u00f3pera Tosca de Giacomo Puccini\u201d<\/em>.<\/p><p><em>\u201cTambi\u00e9n ser\u00e1 mi debut en un nuevo pa\u00eds. Ir\u00e9 a cantar a Francia, visitando ciudades como Saint-C\u00e9r\u00e9, S\u00e8te, Perpignan, Foix, N\u00eemes, Tourcoing, Charleroi, Chalon-sur-Sa\u00f4ne. Con la compa\u00f1\u00eda de \u00f3pera Th\u00e9\u00e2tre Imp\u00e9rial &#8211; Op\u00e9ra de Compi\u00e8gne\u201d<\/em>.<\/p><\/blockquote>\n\n\n\n<p><a href=\"https:\/\/images.sipse.com\/gb1pVyM9Wj-vD1PKka3Qwe6zdJA=\/fit-in\/900x500\/2024\/03\/14\/1710444151141.png\"><\/a>Joel Montero, el tenor chetumale\u00f1o que conquista Europa [Foto: Cortes\u00eda]<\/p>\n\n\n\n<p>La temporada que dar\u00e1 Joel Montero en aquellos&nbsp;<strong>pa\u00edses inicia en el verano de julio y agosto de 2024<\/strong>, y otra serie de funciones desde marzo de 2025 hasta julio de 2025, por lo que ser\u00e1 dificil que regrese al estado que lo vio nacer; sin embargo, contin\u00faa siendo un gran orgullo para M\u00e9xico.<\/p>\n\n\n\n<blockquote class=\"wp-block-quote is-layout-flow wp-block-quote-is-layout-flow\"><p><em>\u201cYa han pasado 5 a\u00f1os desde mi \u00faltima presentaci\u00f3n en Quintana Roo. Extra\u00f1o mucho todo, la familia, los amigos, la gente, la playa, la comida&#8230; Absolutamente todo. Pero tambi\u00e9n amo mi vocaci\u00f3n como cantante de \u00f3pera y estoy feliz de seguir comunicando mis \u00e9xitos. Espero que sean muchos m\u00e1s y, aunque sea por este medio, quiero que sepan que llevo siempre en mi coraz\u00f3n a mi M\u00e9xico lindo y querido\u201d<\/em>, puntualiz\u00f3.<\/p><\/blockquote>\n\n\n\n<h2 class=\"wp-block-heading\">La cr\u00edtica lo aplaude de pie<\/h2>\n\n\n\n<p>Despu\u00e9s de 5 semanas de intensos ensayos tanto musicales como actorales, Montero estren\u00f3 con gran \u00e9xito en Suiza y a la fecha lleva ya 7 representaciones de 15 para concluir el pr\u00f3ximo 1 de mayo de 2024, al respecto la cr\u00edtica ha dado muy buenas notas al respecto.<\/p>\n\n\n\n<blockquote class=\"wp-block-quote is-layout-flow wp-block-quote-is-layout-flow\"><p><em>\u201cJoel Montero interpreta el papel principal de Canio como un col\u00e9rico de sangre caliente, lo que tambi\u00e9n expresa con su potente voz. La famosa aria \u00abRecitar &#8230; Vesti la giubba\u00bb, el verdadero punto culminante de la obra, la realiza con brillantez y gloria, lo cual se debe tambi\u00e9n a su excelente fraseo\u201d<\/em>. Peter W\u00e4ch<\/p><p><em>\u201cJoel Montero presta su potente tenor con ese algo especial al personaje de Canio y captura maravillosamente la angustia interna de este personaje\u201c<\/em>.&nbsp; Jan Krobot<\/p><\/blockquote>\n\n\n\n<p>Joel Montero es conocido por el p\u00fablico de&nbsp;<strong>Solothurn gracias a sus actuaciones en el Museo Blumenstein<\/strong>, y demostr\u00f3 en su debut en el Tobs que no solo es un cantante con un tenor seductor y una altura heroica y brillante, sino tambi\u00e9n un actor expresivo y seguro de s\u00ed mismo. Con \u00abMattinata\u00bb y \u00abRidi, Pagliaccio\u00bb cautiv\u00f3 por completo.&nbsp; Silvia Rietz.<\/p>\n","protected":false},"excerpt":{"rendered":"<p>Joel Montero&nbsp;es&nbsp;uno de los&nbsp;tenores mexicanos&nbsp;m\u00e1s queridos por el pueblo quintanarroense, ya que gracias a su dedicaci\u00f3n y constancia, el nacido en&nbsp;Chetumal, ha logrado conquistar grandes escenarios alrededor del mundo, poniendo en alto el nombre de M\u00e9xico en cada uno de ellos. En exclusiva para&nbsp;Novedades Quintana Roo, Montero comparte sus alegr\u00edas y c\u00f3mo la vida ha [&hellip;]<\/p>\n","protected":false},"author":2,"featured_media":127073,"comment_status":"open","ping_status":"open","sticky":false,"template":"","format":"standard","meta":{"footnotes":""},"categories":[11],"tags":[],"class_list":["post-127072","post","type-post","status-publish","format-standard","has-post-thumbnail","hentry","category-espectaculos"],"_links":{"self":[{"href":"http:\/\/elcuartopoder.com.mx\/nw\/wp-json\/wp\/v2\/posts\/127072","targetHints":{"allow":["GET"]}}],"collection":[{"href":"http:\/\/elcuartopoder.com.mx\/nw\/wp-json\/wp\/v2\/posts"}],"about":[{"href":"http:\/\/elcuartopoder.com.mx\/nw\/wp-json\/wp\/v2\/types\/post"}],"author":[{"embeddable":true,"href":"http:\/\/elcuartopoder.com.mx\/nw\/wp-json\/wp\/v2\/users\/2"}],"replies":[{"embeddable":true,"href":"http:\/\/elcuartopoder.com.mx\/nw\/wp-json\/wp\/v2\/comments?post=127072"}],"version-history":[{"count":1,"href":"http:\/\/elcuartopoder.com.mx\/nw\/wp-json\/wp\/v2\/posts\/127072\/revisions"}],"predecessor-version":[{"id":127074,"href":"http:\/\/elcuartopoder.com.mx\/nw\/wp-json\/wp\/v2\/posts\/127072\/revisions\/127074"}],"wp:featuredmedia":[{"embeddable":true,"href":"http:\/\/elcuartopoder.com.mx\/nw\/wp-json\/wp\/v2\/media\/127073"}],"wp:attachment":[{"href":"http:\/\/elcuartopoder.com.mx\/nw\/wp-json\/wp\/v2\/media?parent=127072"}],"wp:term":[{"taxonomy":"category","embeddable":true,"href":"http:\/\/elcuartopoder.com.mx\/nw\/wp-json\/wp\/v2\/categories?post=127072"},{"taxonomy":"post_tag","embeddable":true,"href":"http:\/\/elcuartopoder.com.mx\/nw\/wp-json\/wp\/v2\/tags?post=127072"}],"curies":[{"name":"wp","href":"https:\/\/api.w.org\/{rel}","templated":true}]}}