{"id":127087,"date":"2024-03-15T10:04:17","date_gmt":"2024-03-15T15:04:17","guid":{"rendered":"http:\/\/elcuartopoder.com.mx\/nw\/?p=127087"},"modified":"2024-03-15T10:04:20","modified_gmt":"2024-03-15T15:04:20","slug":"ya-no-hay-respeto-abuelito-es-lesionado-con-arma-de-fuego-durante-asalto","status":"publish","type":"post","link":"http:\/\/elcuartopoder.com.mx\/nw\/policiacas\/ya-no-hay-respeto-abuelito-es-lesionado-con-arma-de-fuego-durante-asalto\/","title":{"rendered":"\u00a1Ya no hay respeto! Abuelito es lesionado con arma de fuego durante asalto"},"content":{"rendered":"\n<p>Esta tarde, se report\u00f3 un&nbsp;<strong>incidente en Tulum<\/strong>&nbsp;donde un abuelito result\u00f3 herido durante un asalto en la&nbsp;<strong>transitada avenida Tulum,<\/strong>&nbsp;espec\u00edficamente en&nbsp;<strong>las calles 5 con 10<\/strong>.<\/p>\n\n\n\n<p>Cerca de las&nbsp;<strong>17:00 horas<\/strong>, el centro de emergencias 911 recibi\u00f3 llamadas sobre disparos en la mencionada avenida. Agentes de la&nbsp;<strong>Secretar\u00eda de Seguridad Ciudadana<\/strong>&nbsp;(SSC) se desplazaron al lugar y encontraron a un hombre de edad avanzada que hab\u00eda sido&nbsp;<strong>v\u00edctima de un asalto violento<\/strong>, sufriendo una herida de bala en una pierna.<\/p>\n\n\n\n<p>Param\u00e9dicos de una ambulancia llegaron para brindar asistencia y trasladaron al herido a un&nbsp;<strong>hospital local&nbsp;<\/strong>para recibir atenci\u00f3n m\u00e9dica. Por el momento, no se ha revelado su identidad.<\/p>\n\n\n\n<p>A pesar del despliegue policial en la zona, no se han efectuado arrestos relacionados con el asalto. Las autoridades contin\u00faan\u00a0<strong>sus esfuerzos para identificar y capturar a los responsables de este acto delictivo<\/strong>.<\/p>\n\n\n\n<p>Fuente: SIPSE<\/p>\n","protected":false},"excerpt":{"rendered":"<p>Esta tarde, se report\u00f3 un&nbsp;incidente en Tulum&nbsp;donde un abuelito result\u00f3 herido durante un asalto en la&nbsp;transitada avenida Tulum,&nbsp;espec\u00edficamente en&nbsp;las calles 5 con 10. Cerca de las&nbsp;17:00 horas, el centro de emergencias 911 recibi\u00f3 llamadas sobre disparos en la mencionada avenida. Agentes de la&nbsp;Secretar\u00eda de Seguridad Ciudadana&nbsp;(SSC) se desplazaron al lugar y encontraron a un hombre [&hellip;]<\/p>\n","protected":false},"author":2,"featured_media":127088,"comment_status":"open","ping_status":"open","sticky":false,"template":"","format":"standard","meta":{"footnotes":""},"categories":[23],"tags":[],"class_list":["post-127087","post","type-post","status-publish","format-standard","has-post-thumbnail","hentry","category-policiacas"],"_links":{"self":[{"href":"http:\/\/elcuartopoder.com.mx\/nw\/wp-json\/wp\/v2\/posts\/127087","targetHints":{"allow":["GET"]}}],"collection":[{"href":"http:\/\/elcuartopoder.com.mx\/nw\/wp-json\/wp\/v2\/posts"}],"about":[{"href":"http:\/\/elcuartopoder.com.mx\/nw\/wp-json\/wp\/v2\/types\/post"}],"author":[{"embeddable":true,"href":"http:\/\/elcuartopoder.com.mx\/nw\/wp-json\/wp\/v2\/users\/2"}],"replies":[{"embeddable":true,"href":"http:\/\/elcuartopoder.com.mx\/nw\/wp-json\/wp\/v2\/comments?post=127087"}],"version-history":[{"count":1,"href":"http:\/\/elcuartopoder.com.mx\/nw\/wp-json\/wp\/v2\/posts\/127087\/revisions"}],"predecessor-version":[{"id":127089,"href":"http:\/\/elcuartopoder.com.mx\/nw\/wp-json\/wp\/v2\/posts\/127087\/revisions\/127089"}],"wp:featuredmedia":[{"embeddable":true,"href":"http:\/\/elcuartopoder.com.mx\/nw\/wp-json\/wp\/v2\/media\/127088"}],"wp:attachment":[{"href":"http:\/\/elcuartopoder.com.mx\/nw\/wp-json\/wp\/v2\/media?parent=127087"}],"wp:term":[{"taxonomy":"category","embeddable":true,"href":"http:\/\/elcuartopoder.com.mx\/nw\/wp-json\/wp\/v2\/categories?post=127087"},{"taxonomy":"post_tag","embeddable":true,"href":"http:\/\/elcuartopoder.com.mx\/nw\/wp-json\/wp\/v2\/tags?post=127087"}],"curies":[{"name":"wp","href":"https:\/\/api.w.org\/{rel}","templated":true}]}}