{"id":127122,"date":"2024-03-19T08:51:44","date_gmt":"2024-03-19T13:51:44","guid":{"rendered":"http:\/\/elcuartopoder.com.mx\/nw\/?p=127122"},"modified":"2024-03-19T08:51:49","modified_gmt":"2024-03-19T13:51:49","slug":"claves-del-cambio-social-segun-leandro-viotto-en-el-festival-de-las-ideas","status":"publish","type":"post","link":"http:\/\/elcuartopoder.com.mx\/nw\/opinion\/claves-del-cambio-social-segun-leandro-viotto-en-el-festival-de-las-ideas\/","title":{"rendered":"Claves del cambio social seg\u00fan Leandro Viotto en el Festival de las Ideas"},"content":{"rendered":"\n<p class=\"wp-block-paragraph\">En esta ocasi\u00f3n, quiero hablarles sobre una conferencia particularmente relevante que tuve el placer de escuchar. En el reciente Festival de las Ideas, el destacado emprendedor argentino Leandro Viotto comparti\u00f3 insights valiosos sobre la intersecci\u00f3n entre la educaci\u00f3n y el emprendimiento como motores de cambio social. Con una trayectoria que incluye la creaci\u00f3n de la Fundaci\u00f3n Internacional de J\u00f3venes L\u00edderes y la formulaci\u00f3n de proyectos innovadores como el peri\u00f3dico Cultura en Red, Viotto se ha posicionado como un referente en la promoci\u00f3n del liderazgo joven y la acci\u00f3n social.<\/p>\n\n\n\n<p class=\"wp-block-paragraph\">Viotto comenz\u00f3 su charla titulada \u201cLa miseria, el Estado y la b\u00fasqueda de la prosperidad\u201d, rememorando un momento de inspiraci\u00f3n personal ligado a la m\u00fasica de Astor Piazzolla y la historia detr\u00e1s de \u00abAdi\u00f3s Nonino\u00bb, destacando c\u00f3mo los momentos de adversidad pueden ser catalizadores de creatividad y cambio. Mencion\u00f3 que \u201c<em>hay situaciones externas que nos empujan a salir del letargo en el que nos encontramos<\/em>\u201d. Este preludio sirvi\u00f3 para adentrarse en la tem\u00e1tica de su presentaci\u00f3n, la educaci\u00f3n como herramienta fundamental en la lucha contra la pobreza y el estancamiento social.<\/p>\n\n\n\n<p class=\"wp-block-paragraph\">El emprendedor argentino argument\u00f3 que la educaci\u00f3n no debe verse como un bien meramente transaccional, sino como el pilar sobre el que se construye una sociedad m\u00e1s equitativa y pr\u00f3spera. Critic\u00f3 la visi\u00f3n cortoplacista de la ayuda social que prevalece en ciertos sectores pol\u00edticos, argumentando que los subsidios, aunque necesarios, no son una soluci\u00f3n sostenible al problema de la pobreza. En su lugar, propuso un enfoque de largo plazo basado en la educaci\u00f3n de calidad y la generaci\u00f3n de oportunidades.<\/p>\n\n\n\n<p class=\"wp-block-paragraph\">Viotto destac\u00f3 la importancia de crear pol\u00edticas p\u00fablicas que no solo atiendan las necesidades inmediatas, sino que tambi\u00e9n promuevan la igualdad de oportunidades, permitiendo que cada individuo tenga la libertad de elegir su futuro profesional y personal. En este sentido, resalt\u00f3 el rol del estado como facilitador de herramientas que propicien el desarrollo individual y colectivo, en contraposici\u00f3n a la idea de un estado paternalista.<\/p>\n\n\n\n<p class=\"wp-block-paragraph\">En una cr\u00edtica a la preferencia de algunos pol\u00edticos por la educaci\u00f3n privada, Viotto plante\u00f3 una provocativa reflexi\u00f3n sobre la empat\u00eda y la responsabilidad social de los l\u00edderes. La calidad de la educaci\u00f3n y la salud p\u00fablica mejorar\u00edan sustancialmente si los funcionarios y sus familias fueran usuarios de estos servicios, subrayando la importancia de que aquellos en posiciones de poder experimenten las mismas condiciones que el ciudadano promedio. Tema, con el que concuerdo y estoy totalmente convencido.<\/p>\n\n\n\n<p class=\"wp-block-paragraph\">Abordando la relaci\u00f3n entre educaci\u00f3n y progreso, el emprendedor subray\u00f3 c\u00f3mo una poblaci\u00f3n educada es menos susceptible a discursos populistas y m\u00e1s propensa a demandar soluciones racionales y sostenibles a sus gobernantes. En este contexto, Viotto llam\u00f3 a una revalorizaci\u00f3n del m\u00e9rito y el esfuerzo individual, se\u00f1alando que la educaci\u00f3n de calidad es la llave que abre las puertas al progreso y la libertad.<\/p>\n\n\n\n<p class=\"wp-block-paragraph\">Finalmente, Viotto cerr\u00f3 su intervenci\u00f3n con un llamado a la acci\u00f3n, instando a la audiencia a involucrarse y contribuir al cambio social. Con ejemplos de emprendimientos que han generado impacto positivo, destac\u00f3 el poder de la creatividad y la innovaci\u00f3n para resolver problemas sociales y promover un desarrollo m\u00e1s inclusivo.<\/p>\n\n\n\n<p class=\"wp-block-paragraph\">La presentaci\u00f3n de Leandro Viotto en el Festival de las Ideas fue un recordatorio poderoso de que la educaci\u00f3n y el emprendimiento son fundamentales para construir un futuro m\u00e1s justo y pr\u00f3spero, su mensaje reson\u00f3 en mi coraz\u00f3n y estoy seguro de que en de muchos. La muy discutida justicia social no debe ser distribuir el dinero de los ricos, la justicia social debe ser generar oportunidades a trav\u00e9s de la educaci\u00f3n para que todos podamos progresar por nosotros mismos.<\/p>\n\n\n\n<p class=\"wp-block-paragraph\">Fuente: eleconomista<\/p>\n","protected":false},"excerpt":{"rendered":"<p>En esta ocasi\u00f3n, quiero hablarles sobre una conferencia particularmente relevante que tuve el placer de escuchar. En el reciente Festival de las Ideas, el destacado emprendedor argentino Leandro Viotto comparti\u00f3 insights valiosos sobre la intersecci\u00f3n entre la educaci\u00f3n y el emprendimiento como motores de cambio social. Con una trayectoria que incluye la creaci\u00f3n de la [&hellip;]<\/p>\n","protected":false},"author":2,"featured_media":127123,"comment_status":"open","ping_status":"open","sticky":false,"template":"","format":"standard","meta":{"footnotes":""},"categories":[62],"tags":[],"class_list":["post-127122","post","type-post","status-publish","format-standard","has-post-thumbnail","hentry","category-opinion"],"_links":{"self":[{"href":"http:\/\/elcuartopoder.com.mx\/nw\/wp-json\/wp\/v2\/posts\/127122","targetHints":{"allow":["GET"]}}],"collection":[{"href":"http:\/\/elcuartopoder.com.mx\/nw\/wp-json\/wp\/v2\/posts"}],"about":[{"href":"http:\/\/elcuartopoder.com.mx\/nw\/wp-json\/wp\/v2\/types\/post"}],"author":[{"embeddable":true,"href":"http:\/\/elcuartopoder.com.mx\/nw\/wp-json\/wp\/v2\/users\/2"}],"replies":[{"embeddable":true,"href":"http:\/\/elcuartopoder.com.mx\/nw\/wp-json\/wp\/v2\/comments?post=127122"}],"version-history":[{"count":1,"href":"http:\/\/elcuartopoder.com.mx\/nw\/wp-json\/wp\/v2\/posts\/127122\/revisions"}],"predecessor-version":[{"id":127124,"href":"http:\/\/elcuartopoder.com.mx\/nw\/wp-json\/wp\/v2\/posts\/127122\/revisions\/127124"}],"wp:featuredmedia":[{"embeddable":true,"href":"http:\/\/elcuartopoder.com.mx\/nw\/wp-json\/wp\/v2\/media\/127123"}],"wp:attachment":[{"href":"http:\/\/elcuartopoder.com.mx\/nw\/wp-json\/wp\/v2\/media?parent=127122"}],"wp:term":[{"taxonomy":"category","embeddable":true,"href":"http:\/\/elcuartopoder.com.mx\/nw\/wp-json\/wp\/v2\/categories?post=127122"},{"taxonomy":"post_tag","embeddable":true,"href":"http:\/\/elcuartopoder.com.mx\/nw\/wp-json\/wp\/v2\/tags?post=127122"}],"curies":[{"name":"wp","href":"https:\/\/api.w.org\/{rel}","templated":true}]}}