{"id":127731,"date":"2024-04-09T11:37:05","date_gmt":"2024-04-09T16:37:05","guid":{"rendered":"http:\/\/elcuartopoder.com.mx\/nw\/?p=127731"},"modified":"2024-04-09T11:37:09","modified_gmt":"2024-04-09T16:37:09","slug":"aitana-y-sebastian-yatra-comen-juntos-y-disparan-los-rumores-de-una-posible-reconciliacion","status":"publish","type":"post","link":"http:\/\/elcuartopoder.com.mx\/nw\/entretenimiento\/espectaculos\/aitana-y-sebastian-yatra-comen-juntos-y-disparan-los-rumores-de-una-posible-reconciliacion\/","title":{"rendered":"Aitana y Sebasti\u00e1n Yatra comen juntos y disparan los rumores de una posible reconciliaci\u00f3n"},"content":{"rendered":"\n<p><strong>Aitana<\/strong>\u00a0y\u00a0<strong>Sebasti\u00e1n Yatra<\/strong>\u00a0rompieron multitud de corazones cuando se confirm\u00f3\u00a0su ruptura, pero lo cierto es que la reconciliaci\u00f3n parece m\u00e1s cerca que nunca. Si hace unas semanas pasaron la noche juntos en casa de la cantante de \u00abMariposas\u00bb, el s\u00e1bado los fot\u00f3grafos captaron la imagen de ambos<strong>\u00a0compartiendo mesa y confidencias<\/strong>\u00a0en un restaurante madrile\u00f1o, avivando m\u00e1s si cabe los rumores de una\u00a0<strong>posible reconciliaci\u00f3n<\/strong>.<\/p>\n\n\n\n<p>Ambos conformaron una de las parejas m\u00e1s populares y queridas, pero el pasado a\u00f1o anunciaron que ambos hab\u00edan llegado a la decisi\u00f3n de continuar sus\u00a0respectivos caminos por separado\u00a0para sembrar de l\u00e1grimas los rostros de sus seguidores. Pero es muy probable que haya habido una segunda oportunidad. O que est\u00e9 en camino.<\/p>\n\n\n\n<h3 class=\"wp-block-heading\">Aitana, Yatra y una animada comida<\/h3>\n\n\n\n<p>Desde hace varios meses, Aitana y\u00a0Sebasti\u00e1n Yatra\u00a0acaparan la atenci\u00f3n de la prensa rosa porque podr\u00edan estar\u00a0<strong>retomando su historia de amor<\/strong>. Este s\u00e1bado, la pareja fue captada por las c\u00e1maras de los fot\u00f3grafos mientras disfrutaban juntos de una animada comida en un restaurante de la capital. Una\u00a0<strong>escapada que no pas\u00f3 inadvertida<\/strong>.<\/p>\n\n\n\n<p>Por el momento no hay confirmaci\u00f3n oficial de la reconciliaci\u00f3n, pero todo apunta a que los dos cantantes tienen la intenci\u00f3n de\u00a0<strong>revivir aquellos viejos sentimientos<\/strong>\u00a0que les llevaron aconquistar el coraz\u00f3n de miles de seguidores de todo el mundo. Seg\u00fan confirmaron varios medios,\u00a0Aitana y Sebasti\u00e1n Yatra\u00a0fueron vistos recientemente juntos y de la mano en el aeropuerto de Heathrow en Londres. Antes de esto, tambi\u00e9n se publicaron fotos de Aitana y Sebasti\u00e1n juntos en el aeropuerto de Reikiavik despu\u00e9s de haber pasado tiempo en Islandia.<\/p>\n\n\n\n<h3 class=\"wp-block-heading\">De &#8216;La Voz Kids&#8217; a Monterrey<\/h3>\n\n\n\n<p>La conexi\u00f3n entre ambos comenz\u00f3 en 2017, aunque en ese momento los dos estaban con otras parejas. Fue en 2022, durante su trabajo juntos como coaches en &#8216;La Voz Kids&#8217;, cuando comenzaron a surgir\u00a0rumores sobre una posible relaci\u00f3n. Hab\u00eda qu\u00edmica, sin duda. Pero no fue hasta finales del a\u00f1o pasado cuando comenz\u00f3 a hablarse abiertamente de un romance. Pero luego lleg\u00f3 la ruptura. Ahora todo parece haber cambiado de nuevo, seguramente a mejor.<\/p>\n\n\n\n<p>Estos rumores de reconciliaci\u00f3n coinciden con el excelente momento profesional de Aitana, quien recientemente dio un apote\u00f3sico concierto para miles de seguidores en Monterrey, M\u00e9xico, aunque tambi\u00e9n hubo susto porque tuvo que ser operada de urgencia. Nada importante, seg\u00fan se confirm\u00f3. Y menos si tiene cerca a Yatra.<\/p>\n\n\n\n<p>Fuente: ABC<\/p>\n","protected":false},"excerpt":{"rendered":"<p>Aitana\u00a0y\u00a0Sebasti\u00e1n Yatra\u00a0rompieron multitud de corazones cuando se confirm\u00f3\u00a0su ruptura, pero lo cierto es que la reconciliaci\u00f3n parece m\u00e1s cerca que nunca. Si hace unas semanas pasaron la noche juntos en casa de la cantante de \u00abMariposas\u00bb, el s\u00e1bado los fot\u00f3grafos captaron la imagen de ambos\u00a0compartiendo mesa y confidencias\u00a0en un restaurante madrile\u00f1o, avivando m\u00e1s si cabe [&hellip;]<\/p>\n","protected":false},"author":2,"featured_media":127732,"comment_status":"open","ping_status":"open","sticky":false,"template":"","format":"standard","meta":{"footnotes":""},"categories":[11],"tags":[],"class_list":["post-127731","post","type-post","status-publish","format-standard","has-post-thumbnail","hentry","category-espectaculos"],"_links":{"self":[{"href":"http:\/\/elcuartopoder.com.mx\/nw\/wp-json\/wp\/v2\/posts\/127731","targetHints":{"allow":["GET"]}}],"collection":[{"href":"http:\/\/elcuartopoder.com.mx\/nw\/wp-json\/wp\/v2\/posts"}],"about":[{"href":"http:\/\/elcuartopoder.com.mx\/nw\/wp-json\/wp\/v2\/types\/post"}],"author":[{"embeddable":true,"href":"http:\/\/elcuartopoder.com.mx\/nw\/wp-json\/wp\/v2\/users\/2"}],"replies":[{"embeddable":true,"href":"http:\/\/elcuartopoder.com.mx\/nw\/wp-json\/wp\/v2\/comments?post=127731"}],"version-history":[{"count":1,"href":"http:\/\/elcuartopoder.com.mx\/nw\/wp-json\/wp\/v2\/posts\/127731\/revisions"}],"predecessor-version":[{"id":127733,"href":"http:\/\/elcuartopoder.com.mx\/nw\/wp-json\/wp\/v2\/posts\/127731\/revisions\/127733"}],"wp:featuredmedia":[{"embeddable":true,"href":"http:\/\/elcuartopoder.com.mx\/nw\/wp-json\/wp\/v2\/media\/127732"}],"wp:attachment":[{"href":"http:\/\/elcuartopoder.com.mx\/nw\/wp-json\/wp\/v2\/media?parent=127731"}],"wp:term":[{"taxonomy":"category","embeddable":true,"href":"http:\/\/elcuartopoder.com.mx\/nw\/wp-json\/wp\/v2\/categories?post=127731"},{"taxonomy":"post_tag","embeddable":true,"href":"http:\/\/elcuartopoder.com.mx\/nw\/wp-json\/wp\/v2\/tags?post=127731"}],"curies":[{"name":"wp","href":"https:\/\/api.w.org\/{rel}","templated":true}]}}