{"id":127734,"date":"2024-04-09T11:40:26","date_gmt":"2024-04-09T16:40:26","guid":{"rendered":"http:\/\/elcuartopoder.com.mx\/nw\/?p=127734"},"modified":"2024-04-09T11:40:30","modified_gmt":"2024-04-09T16:40:30","slug":"el-pais-hierve-y-se-seca","status":"publish","type":"post","link":"http:\/\/elcuartopoder.com.mx\/nw\/opinion\/el-pais-hierve-y-se-seca\/","title":{"rendered":"El pa\u00eds hierve y se seca"},"content":{"rendered":"\n<p><strong>M\u00e9xico<\/strong>&nbsp;es un pa\u00eds cada vez&nbsp;<strong>m\u00e1s caliente y m\u00e1s seco<\/strong>, con pron\u00f3sticos que indican que el pa\u00eds ahondar\u00e1 de forma m\u00e1s&nbsp;<strong>radical<\/strong>&nbsp;en estos rasgos en los pr\u00f3ximos a\u00f1os, debido a la&nbsp;<strong>emergencia clim\u00e1tica<\/strong>, entre otras razones, y&nbsp;<strong>lo har\u00e1 cada vez m\u00e1s r\u00e1pido<\/strong>, lo cual dificultar\u00e1 el acceso al agua potable, la producci\u00f3n agr\u00edcola y otros efectos que ya se est\u00e1n viendo en diferentes regiones.<\/p>\n\n\n\n<p>Esta es la conclusi\u00f3n de un reporte publicado a finales de 2023 por la Universidad Nacional Aut\u00f3noma de M\u00e9xico (UNAM), titulado \u201cEstado y perspectivas del cambio clim\u00e1tico en M\u00e9xico: un punto de partida\u201d. El documento cuenta con las contribuciones de 59 investigadores y expertos provenientes de 18 dependencias de la instituci\u00f3n, 10 universidades y centros de investigaci\u00f3n de M\u00e9xico y del extranjero.<\/p>\n\n\n\n<p>En particular, aborda las implicaciones actuales y futuras del fen\u00f3meno sobre aspectos centrales para el desarrollo del pa\u00eds, tales como la agricultura, la biodiversidad, el agua, la salud, la energ\u00eda y la econom\u00eda.<\/p>\n\n\n\n<p>Los an\u00e1lisis presentados subrayan la urgente necesidad de construir estrategias y pol\u00edticas encaminadas a la adaptaci\u00f3n, mitigaci\u00f3n y transformaci\u00f3n de nuestras realidades clim\u00e1ticas y sociales y fue coordinado por el Programa de Investigaci\u00f3n en Cambio Clim\u00e1tico (PINCC) y el Instituto de Ciencias de la Atm\u00f3sfera y Cambio Clim\u00e1tico (ICAYCC), da cuenta de que el cambio clim\u00e1tico, intrincado y diverso en sus manifestaciones, presenta retos significativos para la sociedad y para el medio ambiente en M\u00e9xico.<\/p>\n\n\n\n<p><strong>PA\u00cdS ABRASADOR Y SECO<\/strong><\/p>\n\n\n\n<p>De acuerdo con el documento, la temperatura media del aire en M\u00e9xico ha aumentado alrededor de 1.69 grados Celsius con respecto a inicios del siglo XX. \u201cTomando como referencia el periodo 1900-1930, el incremento en la temperatura media del aire en M\u00e9xico en 2022 se encuentra en el rango de 1.59 \u00baC a 1.81 \u00baC, dependiendo de la base de datos utilizada. El incremento y la tasa de aumento en la temperatura del aire anual promedio en M\u00e9xico son mayores que el promedio global\u201d, detalla.<\/p>\n\n\n\n<p>Mientras que el aumento en la temperatura media del aire en M\u00e9xico desde inicios del siglo XX fue de 1.69 \u00baC (1.59 \u00baC-1.81 \u00baC), el incremento en la temperatura promedio global fue de 1.23 \u00baC, durante el mismo periodo de tiempo. La tasa de aumento en la temperatura promedio anual en M\u00e9xico es \u201cconsiderablemente mayor que la tasa del promedio global\u201d: la temperatura global ha aumentado a una tasa de 1.90 \u00baC (1.78 \u00baC-1.97 \u00baC) por siglo, mientras que, en M\u00e9xico, la tasa de aumento es de 2.88 \u00baC (2.77 \u00baC-3.03 \u00baC) por siglo. \u201cSe espera que, durante las pr\u00f3ximas d\u00e9cadas, el calentamiento contin\u00fae siendo m\u00e1s r\u00e1pido en M\u00e9xico en comparaci\u00f3n con el promedio global\u201d.<\/p>\n\n\n\n<p>Este calentamiento observado en M\u00e9xico se debe al incremento de las concentraciones atmosf\u00e9ricas de gases de efecto invernadero (GEI) antropog\u00e9nicos, es decir, provocado por las actividades humanas, y producidos desde la revoluci\u00f3n industrial.<\/p>\n\n\n\n<p>Adem\u00e1s, el reporte concluye que, durante el periodo 1979-2021, la tasa de calentamiento por siglo en la parte norte del pa\u00eds alcanza valores superiores a los 6 \u00baC y cercanos a los 5 \u00baC en la regi\u00f3n sureste.<\/p>\n\n\n\n<p><\/p>\n\n\n\n<p><strong>LLUVIAS IRREGULARES Y SEQU\u00cdAS M\u00c1S SEVERAS<\/strong><\/p>\n\n\n\n<p>El promedio de la precipitaci\u00f3n anual en M\u00e9xico ha aumentado a una tasa de 3.1 (2.4-3.8) mil\u00edmetros por mes por siglo desde inicios del siglo XX, pero el cambio clim\u00e1tico ha modificado la distribuci\u00f3n de la precipitaci\u00f3n entre las estaciones del a\u00f1o, con incrementos significativos en verano y oto\u00f1o. \u201cLas bases de datos analizadas coinciden en que la precipitaci\u00f3n presenta una tendencia positiva constante durante el periodo 1901-2021\u201d, indic\u00f3.<\/p>\n\n\n\n<p>Pero a grandes rasgos, la precipitaci\u00f3n ha disminuido en regiones del norte del pa\u00eds y ha aumentado en el centro y sur. Los cambios estacionales en la precipitaci\u00f3n tambi\u00e9n son heterog\u00e9neos. Durante el periodo 1975-2021, la precipitaci\u00f3n anual muestra tendencias negativas en regiones del noroeste de -0.2 hasta -1 mm\/d\u00eda por siglo, e incrementos de entre 0.5 y 2 mm\/d\u00eda por siglo en la mayor parte del centro y sur del pa\u00eds. Con la excepci\u00f3n del noroeste, las tendencias son positivas para casi todo el pa\u00eds durante el oto\u00f1o, alcanzando m\u00e1ximos superiores a los 2 mm\/d\u00eda por siglo en Tabasco, Veracruz, Chiapas y Jalisco.<\/p>\n\n\n\n<blockquote class=\"wp-block-quote is-layout-flow wp-block-quote-is-layout-flow\"><p>En el periodo que va de 1990 al 2020, la duraci\u00f3n del periodo c\u00e1lido ha aumentado, alcanzando los niveles m\u00e1s altos en el registro ocurridos entre 1930 y 1960. Los estados con mayores duraciones del periodo c\u00e1lido est\u00e1n en el centro y occidente del pa\u00eds (Colima, Michoac\u00e1n, Guerrero y Jalisco) con alrededor de 22 d\u00edas al a\u00f1o, mientras que las duraciones m\u00e1s cortas se presentan en el norte con entre 12 y 15 d\u00edas por a\u00f1o.<\/p><\/blockquote>\n\n\n\n<p>Las tendencias observadas durante el periodo 1980-2018 indican, dice el reporte, incrementos cercanos a 10 d\u00edas adicionales por d\u00e9cada para la regi\u00f3n centro-occidental, mientras que el norte del pa\u00eds present\u00f3 incrementos cercanos a cinco d\u00edas adicionales por d\u00e9cada. En el resto del pa\u00eds los incrementos son cercanos a los 7-8 d\u00edas adicionales por d\u00e9cada. El incremento en la duraci\u00f3n del periodo c\u00e1lido registrado desde mediados de la d\u00e9cada de 1980 se da despu\u00e9s de una etapa de casi treinta a\u00f1os (1960-1990), con las duraciones m\u00e1s cortas registradas para esta variable en M\u00e9xico.<\/p>\n\n\n\n<p>Por su parte, el porcentaje de d\u00edas con temperaturas m\u00e1ximas superiores al percentil 90 observado durante el periodo de referencia (1961-1990), ha aumentado considerablemente desde inicios de la d\u00e9cada de 1980. Durante esa d\u00e9cada el promedio de d\u00edas con temperaturas superiores al percentil 90 en M\u00e9xico era cercano a 9 por ciento, y durante los \u00faltimos a\u00f1os este valor casi se ha duplicado (17 por ciento). \u201cIncrementos superiores al 4 por ciento por d\u00e9cada se observan en Michoac\u00e1n y Jalisco, de 3 a 4% por cientoen la regi\u00f3n centro y noroeste del pa\u00eds y de entre 2 a 3 por ciento en el noreste\u201d, ahonda.<\/p>\n\n\n\n<blockquote class=\"wp-block-quote is-layout-flow wp-block-quote-is-layout-flow\"><p>\u201cEn resumen, la combinaci\u00f3n de cambios en extremos de temperatura implica una mayor frecuencia de d\u00edas con temperaturas m\u00e1ximas extremas y tambi\u00e9n temperaturas m\u00ednimas m\u00e1s elevadas, afectando las condiciones de confort, salud y productividad laboral, especialmente en estados del Pac\u00edfico\u201d, indic\u00f3 el reporte.<\/p><\/blockquote>\n\n\n\n<p>A su vez, la distribuci\u00f3n temporal de la lluvia se ha vuelto m\u00e1s extrema, con periodos m\u00e1s largos de sequ\u00eda y con eventos de precipitaci\u00f3n cada vez m\u00e1s extremos. Desde principios de la d\u00e9cada de los 2000, el n\u00famero de d\u00edas consecutivos secos ha aumentado, de un promedio cercano a 70 d\u00edas por a\u00f1o a cerca de 80. Las tendencias observadas en esta variable son mucho mayores en el noroeste, con aumentos de seis y hasta ocho d\u00edas adicionales por d\u00e9cada en Baja California, Sonora, Sinaloa y Chihuahua.<\/p>\n\n\n\n<p>El documento tambi\u00e9n destaca que los eventos de sequ\u00eda observada se han vuelto m\u00e1s frecuentes y severos. Durante las dos \u00faltimas d\u00e9cadas, de acuerdo con el Monitor de Sequ\u00eda en M\u00e9xico del Servicio Meteorol\u00f3gico Nacional, la regi\u00f3n norte-centro del pa\u00eds ha experimentado sequ\u00edas excepcionales (D4) con una alta frecuencia. Las sequ\u00edas excepcionales est\u00e1n caracterizadas por p\u00e9rdidas excepcionales y generalizadas de cultivos o pastos, riesgo excepcional de incendios, escasez total de agua en embalses, arroyos y pozos, con probable situaci\u00f3n de emergencia debido a la ausencia de agua.<\/p>\n\n\n\n<p><strong>LA ESCASEZ DEL AGUA Y EL PR\u00d3NOSTICO PARA 2050<\/strong><\/p>\n\n\n\n<p>La conclusi\u00f3n del reporte es que la disponibilidad natural del agua \u201cha disminuido por cambios en precipitaci\u00f3n y sequ\u00edas debidos al cambio clim\u00e1tico\u201d y por ello \u201cse esperan impactos importantes sobre diversos componentes del ciclo hidrol\u00f3gico en el pa\u00eds\u201d.<\/p>\n\n\n\n<p>En M\u00e9xico se explotan 451 mil 585 millones de metros c\u00fabicos de agua anuales, de los cuales 61 por ciento se obtiene de sistemas de agua superficial, y 39 por ciento de agua subterr\u00e1nea. La agricultura (59 por ciento), abastecimiento p\u00fablico (27.5 por ciento) y la industria autoabastecida (13.5 por ciento) representan los vol\u00famenes concesionados dominantes.<\/p>\n\n\n\n<blockquote class=\"wp-block-quote is-layout-flow wp-block-quote-is-layout-flow\"><p>\u201cSe ha reportado un r\u00e1pido incremento en el agotamiento y en la reducci\u00f3n de la disponibilidad de los sistemas de agua subterr\u00e1nea, pasando de 178 acu\u00edferos sin disponibilidad en 2011 a 275 en 2020, con implicaciones en disponibilidad del agua en zonas urbanas como Monterrey,&nbsp; Tijuana, Guadalajara y Ciudad de M\u00e9xico, entre otras\u201d, destac\u00f3.<\/p><\/blockquote>\n\n\n\n<p>\u201cCerca del 42 por ciento de los acu\u00edferos se reporta con disponibilidad comprometida y el 58 por ciento del agua subterr\u00e1nea es extra\u00edda de 101 acu\u00edferos sobreexplotados. De acuerdo con las proyecciones de cambio clim\u00e1tico, se espera que la escasez de agua afecte al norte y centro del pa\u00eds, mientras que el sur y sureste podr\u00edan verse perjudicados por su exceso\u201d, agrega.<\/p>\n\n\n\n<p>En las grandes zonas urbanas, como la CdMx, \u201cya presentan una importante vulnerabilidad a la escasez, a inundaciones y a enfermedades transmitidas por el agua\u201d.<\/p>\n\n\n\n<p>Asimismo, la demanda de agua se ha incrementado y se acrecentar\u00e1 bajo diferentes escenarios de cambio clim\u00e1tico, cambio de uso de suelo y crecimiento poblacional. \u201cAlgunas regiones (principalmente en el norte y centro) podr\u00edan experimentar disminuciones importantes en la precipitaci\u00f3n total, disponibilidad de agua, vol\u00famenes medios anuales de escurrimiento, e infiltraci\u00f3n, y recarga de acu\u00edferos\u201d, precisa.<\/p>\n\n\n\n<blockquote class=\"wp-block-quote is-layout-flow wp-block-quote-is-layout-flow\"><p>\u201cLa Zona Metropolitana de la CdMx podr\u00eda verse afectada debido a que la precipitaci\u00f3n anual en el Sistema Cutzamala podr\u00eda reducirse hasta un 5 por ciento para el 2050. En el norte del pa\u00eds se esperan impactos negativos en el caudal de los r\u00edos, con reducci\u00f3n de su escorrent\u00eda de hasta el 60 por ciento en el largo plazo\u201d, remarc\u00f3 el reporte.<\/p><\/blockquote>\n\n\n\n<p>A este escenario se a\u00f1ade el pron\u00f3stico de \u201cimportantes impactos negativos por el cambio clim\u00e1tico sobre la disponibilidad de agua y, por lo tanto, en la producci\u00f3n agr\u00edcola, lo cual supone un alto riesgo para la seguridad alimentaria nacional\u201d, as\u00ed como a la salud en general.<\/p>\n\n\n\n<p><strong>ESCENARIOS DEL SIGLO XXI<\/strong><\/p>\n\n\n\n<p>El reporte tambi\u00e9n dedica una secci\u00f3n a los pron\u00f3sticos del clima para la segunda parte de este siglo y concluye que \u201clos cambios previstos hasta 2030-2040 en su mayor\u00eda no son evitables por medio de pol\u00edticas de mitigaci\u00f3n convencionales y sugieren fuertemente la necesidad de ampliar y reforzar las estrategias de adaptaci\u00f3n, con el involucramiento y trabajo conjunto entre gobierno, sociedad y academia para el codise\u00f1o de las mismas\u201d.<\/p>\n\n\n\n<blockquote class=\"wp-block-quote is-layout-flow wp-block-quote-is-layout-flow\"><p>Bajo una trayectoria de muy altas emisiones de contaminantes de efecto invernadero, \u201cla temperatura del aire anual promedio en M\u00e9xico podr\u00eda incrementarse a finales de este siglo en cerca de 6 \u00baC (con respecto al periodo 1986- 2005)\u201d. Bajo un escenario de emisiones de GEI similar a las tendencias actuales sin esfuerzos de mitigaci\u00f3n internacional considerables, podr\u00eda rebasar los 5 \u00baC en el 2100.<\/p><\/blockquote>\n\n\n\n<p>Por el contrario, en un escenario consistente con que se cumplieran estrictamente los compromisos expresados por los pa\u00edses participantes en las Contribuciones Determinadas a nivel Nacional, la temperatura anual promedio en M\u00e9xico podr\u00eda limitarse a 3 \u00baC con respecto al mismo periodo. Finalmente, si los objetivos expresados en el Acuerdo de Par\u00eds se lograran, la temperatura media en M\u00e9xico podr\u00eda estabilizarse en alrededor de 2 \u00baC para finales de este siglo, una cifra muy alta y al l\u00edmite, pero el mejor escenario disponible hasta ahora.<\/p>\n","protected":false},"excerpt":{"rendered":"<p>M\u00e9xico&nbsp;es un pa\u00eds cada vez&nbsp;m\u00e1s caliente y m\u00e1s seco, con pron\u00f3sticos que indican que el pa\u00eds ahondar\u00e1 de forma m\u00e1s&nbsp;radical&nbsp;en estos rasgos en los pr\u00f3ximos a\u00f1os, debido a la&nbsp;emergencia clim\u00e1tica, entre otras razones, y&nbsp;lo har\u00e1 cada vez m\u00e1s r\u00e1pido, lo cual dificultar\u00e1 el acceso al agua potable, la producci\u00f3n agr\u00edcola y otros efectos que ya [&hellip;]<\/p>\n","protected":false},"author":2,"featured_media":127735,"comment_status":"open","ping_status":"open","sticky":false,"template":"","format":"standard","meta":{"footnotes":""},"categories":[62],"tags":[],"class_list":["post-127734","post","type-post","status-publish","format-standard","has-post-thumbnail","hentry","category-opinion"],"_links":{"self":[{"href":"http:\/\/elcuartopoder.com.mx\/nw\/wp-json\/wp\/v2\/posts\/127734","targetHints":{"allow":["GET"]}}],"collection":[{"href":"http:\/\/elcuartopoder.com.mx\/nw\/wp-json\/wp\/v2\/posts"}],"about":[{"href":"http:\/\/elcuartopoder.com.mx\/nw\/wp-json\/wp\/v2\/types\/post"}],"author":[{"embeddable":true,"href":"http:\/\/elcuartopoder.com.mx\/nw\/wp-json\/wp\/v2\/users\/2"}],"replies":[{"embeddable":true,"href":"http:\/\/elcuartopoder.com.mx\/nw\/wp-json\/wp\/v2\/comments?post=127734"}],"version-history":[{"count":1,"href":"http:\/\/elcuartopoder.com.mx\/nw\/wp-json\/wp\/v2\/posts\/127734\/revisions"}],"predecessor-version":[{"id":127736,"href":"http:\/\/elcuartopoder.com.mx\/nw\/wp-json\/wp\/v2\/posts\/127734\/revisions\/127736"}],"wp:featuredmedia":[{"embeddable":true,"href":"http:\/\/elcuartopoder.com.mx\/nw\/wp-json\/wp\/v2\/media\/127735"}],"wp:attachment":[{"href":"http:\/\/elcuartopoder.com.mx\/nw\/wp-json\/wp\/v2\/media?parent=127734"}],"wp:term":[{"taxonomy":"category","embeddable":true,"href":"http:\/\/elcuartopoder.com.mx\/nw\/wp-json\/wp\/v2\/categories?post=127734"},{"taxonomy":"post_tag","embeddable":true,"href":"http:\/\/elcuartopoder.com.mx\/nw\/wp-json\/wp\/v2\/tags?post=127734"}],"curies":[{"name":"wp","href":"https:\/\/api.w.org\/{rel}","templated":true}]}}