{"id":127859,"date":"2024-04-12T13:51:25","date_gmt":"2024-04-12T18:51:25","guid":{"rendered":"http:\/\/elcuartopoder.com.mx\/nw\/?p=127859"},"modified":"2024-04-12T13:51:28","modified_gmt":"2024-04-12T18:51:28","slug":"mexico-reforzara-asistencia-en-iowa-por-nueva-ley-para-arrestar-y-deportar-migrantes","status":"publish","type":"post","link":"http:\/\/elcuartopoder.com.mx\/nw\/internacionales\/mexico-reforzara-asistencia-en-iowa-por-nueva-ley-para-arrestar-y-deportar-migrantes\/","title":{"rendered":"M\u00e9xico reforzar\u00e1 asistencia en Iowa por nueva ley para arrestar y deportar migrantes"},"content":{"rendered":"\n<p>El\u00a0<strong>Gobierno de M\u00e9xico<\/strong>\u00a0expres\u00f3 el mi\u00e9rcoles su preocupaci\u00f3n por la nueva\u00a0ley migratoria\u00a0del estado estadounidense de Iowa, que autoriza el arresto de migrantes previamente deportados del pa\u00eds, y lament\u00f3 que \u00abcriminaliza a la poblaci\u00f3n migrante\u00bb.<\/p>\n\n\n\n<p>\u00abDicha legislaci\u00f3n clasificar\u00e1 como delito grave el reingreso indocumentado o la permanencia en el estado despu\u00e9s de la negaci\u00f3n de un alivio migratorio. (&#8230;) Permitir\u00e1 a oficiales de procuraci\u00f3n de justicia a nivel local y estatal que arresten a personas migrantes por estancia indocumentada, y posibilita a jueces a ordenar deportaciones\u00bb, reza un comunicado.<\/p>\n\n\n\n<p>La\u00a0<strong>Secretar\u00eda de Relaciones Exteriores<\/strong>\u00a0inform\u00f3 de que reforzar\u00e1 la asistencia y protecci\u00f3n consular de su comunidad en Iowa ante la implementaci\u00f3n de la ley,\u00a0denominada SF 2340, y que entrar\u00e1 en vigor el 1 de julio.<\/p>\n\n\n\n<p>\u00ab(Estaremos atentos) para responder a cualquier violaci\u00f3n y, como lo ha realizado ante iniciativas similares, explorar\u00e1 recursos legales que contribuyan con la defensa de los derechos de las personas mexicanas en el estado\u00bb, ha indicado. \u00abM\u00e9xico ha reiterado su prioridad a la protecci\u00f3n de los derechos de su comunicado en exterior\u00bb, agreg\u00f3 la SRE.<\/p>\n\n\n\n<p>La gobernadora de Iowa, la republicana&nbsp;<strong>Kim Reynolds<\/strong>, firm\u00f3 un proyecto de ley que tipifica como delito que una persona est\u00e9 en el estado si previamente se le neg\u00f3 la entrada o fue deportada de Estados Unidos. Bajo esta ley, cuando el sospechoso est\u00e9 bajo custodia, este podr\u00e1 aceptar la orden de un juez de abandonar el pa\u00eds o enfrentar m\u00e1s cargos.<\/p>\n\n\n\n<p>Este ley recuerda a la de Texas, que otorga a las autoridades estatales la autoridad de arrestar a personas sospechosas de ingresar al pa\u00eds a trav\u00e9s de la frontera entre Estados Unidos y M\u00e9xico sin autorizaci\u00f3n. No obstante, la ley de Texas se encuentra actualmente bloqueada en los tribunales.<\/p>\n\n\n\n<p>Fuente: eleconomista<\/p>\n","protected":false},"excerpt":{"rendered":"<p>El\u00a0Gobierno de M\u00e9xico\u00a0expres\u00f3 el mi\u00e9rcoles su preocupaci\u00f3n por la nueva\u00a0ley migratoria\u00a0del estado estadounidense de Iowa, que autoriza el arresto de migrantes previamente deportados del pa\u00eds, y lament\u00f3 que \u00abcriminaliza a la poblaci\u00f3n migrante\u00bb. \u00abDicha legislaci\u00f3n clasificar\u00e1 como delito grave el reingreso indocumentado o la permanencia en el estado despu\u00e9s de la negaci\u00f3n de un alivio [&hellip;]<\/p>\n","protected":false},"author":2,"featured_media":127860,"comment_status":"open","ping_status":"open","sticky":false,"template":"","format":"standard","meta":{"footnotes":""},"categories":[8],"tags":[],"class_list":["post-127859","post","type-post","status-publish","format-standard","has-post-thumbnail","hentry","category-internacionales"],"_links":{"self":[{"href":"http:\/\/elcuartopoder.com.mx\/nw\/wp-json\/wp\/v2\/posts\/127859","targetHints":{"allow":["GET"]}}],"collection":[{"href":"http:\/\/elcuartopoder.com.mx\/nw\/wp-json\/wp\/v2\/posts"}],"about":[{"href":"http:\/\/elcuartopoder.com.mx\/nw\/wp-json\/wp\/v2\/types\/post"}],"author":[{"embeddable":true,"href":"http:\/\/elcuartopoder.com.mx\/nw\/wp-json\/wp\/v2\/users\/2"}],"replies":[{"embeddable":true,"href":"http:\/\/elcuartopoder.com.mx\/nw\/wp-json\/wp\/v2\/comments?post=127859"}],"version-history":[{"count":1,"href":"http:\/\/elcuartopoder.com.mx\/nw\/wp-json\/wp\/v2\/posts\/127859\/revisions"}],"predecessor-version":[{"id":127861,"href":"http:\/\/elcuartopoder.com.mx\/nw\/wp-json\/wp\/v2\/posts\/127859\/revisions\/127861"}],"wp:featuredmedia":[{"embeddable":true,"href":"http:\/\/elcuartopoder.com.mx\/nw\/wp-json\/wp\/v2\/media\/127860"}],"wp:attachment":[{"href":"http:\/\/elcuartopoder.com.mx\/nw\/wp-json\/wp\/v2\/media?parent=127859"}],"wp:term":[{"taxonomy":"category","embeddable":true,"href":"http:\/\/elcuartopoder.com.mx\/nw\/wp-json\/wp\/v2\/categories?post=127859"},{"taxonomy":"post_tag","embeddable":true,"href":"http:\/\/elcuartopoder.com.mx\/nw\/wp-json\/wp\/v2\/tags?post=127859"}],"curies":[{"name":"wp","href":"https:\/\/api.w.org\/{rel}","templated":true}]}}