{"id":127877,"date":"2024-04-13T10:20:07","date_gmt":"2024-04-13T15:20:07","guid":{"rendered":"http:\/\/elcuartopoder.com.mx\/nw\/?p=127877"},"modified":"2024-04-13T10:20:11","modified_gmt":"2024-04-13T15:20:11","slug":"cienfuegos-acusa-que-morena-usa-a-maynez-para-atacar-a-xochitl","status":"publish","type":"post","link":"http:\/\/elcuartopoder.com.mx\/nw\/politica\/cienfuegos-acusa-que-morena-usa-a-maynez-para-atacar-a-xochitl\/","title":{"rendered":"Cienfuegos acusa que Morena usa a M\u00e1ynez para atacar a X\u00f3chitl"},"content":{"rendered":"\n<p>Los \u2018ataques\u2019 de Movimiento Ciudadano a la candidata de\u00a0<strong>PRI-PAN-PRD<\/strong>\u00a0a la presidencia,\u00a0<strong>X\u00f3chitl G\u00e1lvez<\/strong>, son prueba de que son utilizados por Morena para hacer\u00a0<em>\u00abguerra sucia\u00bb<\/em>, acus\u00f3 el priista\u00a0<strong>Francisco Cienfuegos<\/strong>.<\/p>\n\n\n\n<p>Al abordar las declaraciones hechas por G\u00e1lvez, quien se refiri\u00f3 a la candidata morenista Claudia Sheinbaum por&nbsp;<strong>no hacer un patrimonio a los 60 a\u00f1os<\/strong>, el delegado de campa\u00f1a en Nuevo Le\u00f3n explic\u00f3 que<strong>&nbsp;fueron sacadas de contexto<\/strong>.<\/p>\n\n\n\n<p>Incluso, dijo que quien deber\u00eda pedir disculpas es MC estatal, al recordar las declaraciones de<strong>&nbsp;Samuel Garc\u00eda viralizadas en la elecci\u00f3n a Gobernador del 2021<\/strong>.<\/p>\n\n\n\n<p><em>\u00abHay que recordar las declaraciones que hizo Samuel Garc\u00eda al decir que hay familias que viven con un &#8216;sueldito&#8217; de 50 mil pesos, demostrando una vez m\u00e1s que vive alejado de la realidad\u00bb<\/em>, se\u00f1al\u00f3.<\/p>\n\n\n\n<p><em>\u00abEste ataque continuo de Movimiento Ciudadano a X\u00f3chitl (G\u00e1lvez) lo \u00fanico que nos deja claro es que son empleados de Morena que quieren desviar la atenci\u00f3n y le quieren seguir haciendo el trabajo, como lo hizo Jorge M\u00e1ynez este \u00faltimo debate\u00bb<\/em>.<\/p>\n\n\n\n<p><\/p>\n","protected":false},"excerpt":{"rendered":"<p>Los \u2018ataques\u2019 de Movimiento Ciudadano a la candidata de\u00a0PRI-PAN-PRD\u00a0a la presidencia,\u00a0X\u00f3chitl G\u00e1lvez, son prueba de que son utilizados por Morena para hacer\u00a0\u00abguerra sucia\u00bb, acus\u00f3 el priista\u00a0Francisco Cienfuegos. Al abordar las declaraciones hechas por G\u00e1lvez, quien se refiri\u00f3 a la candidata morenista Claudia Sheinbaum por&nbsp;no hacer un patrimonio a los 60 a\u00f1os, el delegado de campa\u00f1a [&hellip;]<\/p>\n","protected":false},"author":2,"featured_media":127878,"comment_status":"open","ping_status":"open","sticky":false,"template":"","format":"standard","meta":{"footnotes":""},"categories":[61],"tags":[],"class_list":["post-127877","post","type-post","status-publish","format-standard","has-post-thumbnail","hentry","category-politica"],"_links":{"self":[{"href":"http:\/\/elcuartopoder.com.mx\/nw\/wp-json\/wp\/v2\/posts\/127877","targetHints":{"allow":["GET"]}}],"collection":[{"href":"http:\/\/elcuartopoder.com.mx\/nw\/wp-json\/wp\/v2\/posts"}],"about":[{"href":"http:\/\/elcuartopoder.com.mx\/nw\/wp-json\/wp\/v2\/types\/post"}],"author":[{"embeddable":true,"href":"http:\/\/elcuartopoder.com.mx\/nw\/wp-json\/wp\/v2\/users\/2"}],"replies":[{"embeddable":true,"href":"http:\/\/elcuartopoder.com.mx\/nw\/wp-json\/wp\/v2\/comments?post=127877"}],"version-history":[{"count":1,"href":"http:\/\/elcuartopoder.com.mx\/nw\/wp-json\/wp\/v2\/posts\/127877\/revisions"}],"predecessor-version":[{"id":127879,"href":"http:\/\/elcuartopoder.com.mx\/nw\/wp-json\/wp\/v2\/posts\/127877\/revisions\/127879"}],"wp:featuredmedia":[{"embeddable":true,"href":"http:\/\/elcuartopoder.com.mx\/nw\/wp-json\/wp\/v2\/media\/127878"}],"wp:attachment":[{"href":"http:\/\/elcuartopoder.com.mx\/nw\/wp-json\/wp\/v2\/media?parent=127877"}],"wp:term":[{"taxonomy":"category","embeddable":true,"href":"http:\/\/elcuartopoder.com.mx\/nw\/wp-json\/wp\/v2\/categories?post=127877"},{"taxonomy":"post_tag","embeddable":true,"href":"http:\/\/elcuartopoder.com.mx\/nw\/wp-json\/wp\/v2\/tags?post=127877"}],"curies":[{"name":"wp","href":"https:\/\/api.w.org\/{rel}","templated":true}]}}