{"id":127898,"date":"2024-04-15T13:36:29","date_gmt":"2024-04-15T18:36:29","guid":{"rendered":"http:\/\/elcuartopoder.com.mx\/nw\/?p=127898"},"modified":"2024-04-15T13:36:33","modified_gmt":"2024-04-15T18:36:33","slug":"verstappen-es-inocente-quien-fue-el-peor-companero-de-checo-en-f1-que-causo-la-guerra-rosa","status":"publish","type":"post","link":"http:\/\/elcuartopoder.com.mx\/nw\/entretenimiento\/deportes\/verstappen-es-inocente-quien-fue-el-peor-companero-de-checo-en-f1-que-causo-la-guerra-rosa\/","title":{"rendered":"Verstappen es \u2018inocente\u2019: \u00bfQui\u00e9n fue el peor compa\u00f1ero de Checo en F1, que caus\u00f3 la \u2018guerra rosa\u2019?"},"content":{"rendered":"\n<p>Ni Max Verstappen ni Lance Stroll tuvieron una rivalidad tan fuerte con\u00a0Sergio \u2018Checo\u2019 P\u00e9rez\u00a0como la que vivi\u00f3 el mexicano en las temporadas<strong>\u00a02017 y 2018<\/strong>\u00a0con\u00a0Esteban Ocon, mientras compet\u00edan para la escuder\u00eda Force India, la cual fue renombrada como\u00a0<strong>Racing Point en 2018<\/strong>.<\/p>\n\n\n\n<p>La llamada<strong>\u00a0\u2018Guerra Rosa<\/strong>\u2019 fue protagonizada por el piloto mexicano y\u00a0Esteban Ocon, misma que result\u00f3 en choques, p\u00e9rdida de puntos y podios para\u00a0Racing Point.<\/p>\n\n\n\n<p>Durante el GP de Austria 2023, los monoplazas de los pilotos se acercaron demasiado tras un arranque agresivo de P\u00e9rez, lo que \u2018reaviv\u00f3 la llama\u2019 pero de su enemistad, que inici\u00f3 hace varios a\u00f1os.<\/p>\n\n\n\n<h2 class=\"wp-block-heading\">\u2018La Guerra Rosa\u2019: \u00bfC\u00f3mo comenz\u00f3 la rivalidad entre \u2018Checo\u2019 P\u00e9rez y Esteban Ocon?<\/h2>\n\n\n\n<p>La rivalidad entre los dos pilotos de\u00a0Force India\u00a0comenz\u00f3\u00a0<strong>en el Gran Premio de Canad\u00e1 2017<\/strong>, cuando\u00a0Sergio P\u00e9rez\u00a0desobedeci\u00f3 las instrucciones del equipo. Le pidieron que dejara pasar a Esteban Ocon, quien ten\u00eda neum\u00e1ticos m\u00e1s frescos, lo cual no acat\u00f3.<\/p>\n\n\n\n<hr class=\"wp-block-separator\"\/>\n\n\n\n<p>Sin embargo, cuando P\u00e9rez desobedeci\u00f3, Ocon intent\u00f3 encontrar una oportunidad para adelantar, lo que perturb\u00f3 la estrategia del equipo y permiti\u00f3 que\u00a0<strong>Sebastian Vettel\u00a0<\/strong>de\u00a0Ferrari\u00a0los rebasara, dej\u00e1ndolos fuera del podio.<\/p>\n\n\n\n<h3 class=\"wp-block-heading\">GP de Canad\u00e1 2017: \u2018Checo\u2019 P\u00e9rez y Esteban Ocon \u2018se echaron tierra\u2019 despu\u00e9s de la carrera<\/h3>\n\n\n\n<p>Dicha carrera gener\u00f3 una problem\u00e1tica muy grande. El mismo piloto franc\u00e9s declar\u00f3 que la estrategia del mexicano\u00a0<strong>estuvo cerca de terminar con su vida<\/strong>.<\/p>\n\n\n\n<p>\u201cLimitamos los da\u00f1os hoy, est\u00e1bamos haciendo una buena carrera hasta que P\u00e9rez intent\u00f3 matarme dos veces. \u00a1De todas formas no logr\u00f3 hacerlo y termin\u00e9 noveno!\u201d, escribi\u00f3 el franc\u00e9s en agosto de ese a\u00f1o.<\/p>\n\n\n\n<p>Despu\u00e9s del GP de Canad\u00e1 2017, Sergio \u2018Checo\u2019 P\u00e9rez tambi\u00e9n tuvo su oportunidad de hablar, y mencion\u00f3 que nunca hab\u00eda tenido un compa\u00f1ero tan violento como fue Ocon.<\/p>\n\n\n\n<p>\u201cEn toda mi etapa en\u00a0F\u00f3rmula Uno, nunca hab\u00eda tenido\u00a0<strong>un compa\u00f1ero tan agresivo<\/strong>, que arruinara la carrera. Nunca me hab\u00eda tocado algo as\u00ed\u201d, destac\u00f3 para los medios de comunicaci\u00f3n.<\/p>\n\n\n\n<figure class=\"wp-block-image\"><img decoding=\"async\" src=\"https:\/\/www.elfinanciero.com.mx\/resizer\/gILJ-QECY7VOAXScNCkyR5c3eLQ=\/1440x0\/filters:format(jpg):quality(70)\/cloudfront-us-east-1.images.arcpublishing.com\/elfinanciero\/NDFA7NEV7BEYJF2RZAANIHFHJE.jpg\" alt=\"\"\/><figcaption>Esteban Ocon fue compa\u00f1ero y rival de Sergio P\u00e9rez durante dos temporadas con Racing Point. (Foto: Instagram: estebanocon)<\/figcaption><\/figure>\n\n\n\n<h3 class=\"wp-block-heading\">Gran Premio de Azerbaiy\u00e1n 2017: \u00bfQu\u00e9 pas\u00f3 con los pilotos de Force India?<\/h3>\n\n\n\n<p>La disputa entre los dos pilotos continu\u00f3 en el\u00a0Circuito de Bak\u00fa\u00a0aquel a\u00f1o, donde Sergio y Ocon iban uno tras el otro.<\/p>\n\n\n\n<p>En una curva, P\u00e9rez choc\u00f3 con su compa\u00f1ero, lo que result\u00f3 en su abandono de la carrera. Sin embargo, el franc\u00e9s logr\u00f3 recuperarse despu\u00e9s de una parada en boxes para revisar el monoplaza, continuando en la carrera.<\/p>\n\n\n\n<h3 class=\"wp-block-heading\">Gran Premio de B\u00e9lgica 2017: El \u00faltimo enfrentamiento entre \u2018Checo\u2019 y Ocon<\/h3>\n\n\n\n<p>El circuito de Spa fue testigo de la \u00faltima confrontaci\u00f3n entre los pilotos en la temporada 2017. Esteban intent\u00f3 adelantar al mexicano por el exterior, pero cuando\u00a0\u2018Checo\u2019 (quien subi\u00f3 al podio en el reciente GP de Jap\u00f3n)\u00a0lo evit\u00f3,\u00a0<strong>envi\u00f3 a su compa\u00f1ero contra el muro<\/strong>.<\/p>\n\n\n\n<p>Los da\u00f1os fueron significativos: el aler\u00f3n del monoplaza de Ocon result\u00f3 gravemente da\u00f1ado y un neum\u00e1tico se desprendi\u00f3 del coche de P\u00e9rez.<\/p>\n\n\n\n<p>Ambos pilotos reaccionaron defensivamente por radio tras el incidente. Despu\u00e9s de este suceso, no hubo m\u00e1s enfrentamientos entre ellos hasta el final de la temporada.<\/p>\n\n\n\n<figure class=\"wp-block-image\"><img decoding=\"async\" src=\"https:\/\/www.elfinanciero.com.mx\/resizer\/XLiGmSmGNBJtmIkYuAc4J3-RpNY=\/1440x0\/filters:format(jpg):quality(70)\/cloudfront-us-east-1.images.arcpublishing.com\/elfinanciero\/TB5B4HETJRA2RNYVZFLUWTLP24.jpg\" alt=\"\"\/><figcaption><strong><\/strong>El piloto &#8216;Checo&#8217; P\u00e9rez se enfrent\u00f3 con Esteban Ocon varias veces durante la temporada 2017. (Foto: EFE)<\/figcaption><\/figure>\n\n\n\n<h2 class=\"wp-block-heading\">Force India pasa a ser Racing Point: \u00bfQu\u00e9 pas\u00f3 con \u2018Checo\u2019 P\u00e9rez y Esteban Ocon en 2018?<\/h2>\n\n\n\n<p>Para la temporada 2018, los enfrentamientos no pararon, pues la experiencia de P\u00e9rez y del novato Esteban Ocon aumentaron la pol\u00e9mica de dos pilotos que buscaban liderar a una escuder\u00eda de media tabla.<\/p>\n\n\n\n<p>Uno de los problemas que vivieron ambos pilotos fue\u00a0<strong>la falta de pago de su escuder\u00eda\u00a0<\/strong>que se encontraba en bancarrota, el mexicano demand\u00f3 a Force India y a\u00a0Vijay Mallya, lo que oblig\u00f3 a que toda la estructura entrara a un concurso de acreedores, donde\u00a0Lawrence Stroll\u00a0compr\u00f3 al equipo y cambi\u00f3 de nombre a Racing Point.<\/p>\n\n\n\n<p>El cambio de nombre y due\u00f1o tambi\u00e9n signific\u00f3 la llegada de un nuevo piloto a la parrilla principal,&nbsp;<strong>Lance Stroll, hijo del due\u00f1o<\/strong>, por lo que algunos de los dos tendr\u00eda que salir para la siguiente temporada.<\/p>\n\n\n\n<p>El 2018 fue un a\u00f1o re\u00f1ido para los pilotos de Force India, pues aunque no hubo choques, ambos compet\u00edan muy cerca del otro en el campeonato de pilotos, el&nbsp;<strong>mexicano termin\u00f3 en la octava posici\u00f3n con 62 puntos<\/strong>&nbsp;y Esteban Ocon en el lugar 12 con 49 unidades.<\/p>\n\n\n\n<p>Por lo tanto, fue el franc\u00e9s quien tuvo que ceder su asiento a Lance Stroll y sali\u00f3 de Racing Point, convirti\u00e9ndose para la temporada 2019 en piloto de desarrollo y reserva de\u00a0Mercedes.<\/p>\n\n\n\n<figure class=\"wp-block-image\"><img decoding=\"async\" src=\"https:\/\/www.elfinanciero.com.mx\/resizer\/IyFYxNUw1t0SgpYwj7cX1c8IMa8=\/1440x0\/filters:format(jpg):quality(70)\/cloudfront-us-east-1.images.arcpublishing.com\/elfinanciero\/EC5B3PZYERCZNMLXTRSVNGC3YE.jpg\" alt=\"\"\/><figcaption><strong>Esteban Ocon&nbsp;<\/strong>Esteban Ocon fue compa\u00f1ero de Sergio &#8216;Checo&#8217; P\u00e9rez por dos temporadas. (Foto: Instagram Estebanocon)<\/figcaption><\/figure>\n\n\n\n<h2 class=\"wp-block-heading\">\u00bfQui\u00e9n es Esteban Ocon?<\/h2>\n\n\n\n<p>Esteban Ocon es un piloto franc\u00e9s que actualmente tiene 27 a\u00f1os e inici\u00f3 su camino hacia la m\u00e1xima categor\u00eda con gran esfuerzo y dedicaci\u00f3n, ya que no contaba con los recursos financieros de otros competidores de\u00a0F1.<\/p>\n\n\n\n<p>Ocon empez\u00f3 su carrera con el apoyo econ\u00f3mico de su padre y del taller de autos familiar, despu\u00e9s de ascender a trav\u00e9s de diversas categor\u00edas, en 2015\u00a0<strong>Mercedes lo incluy\u00f3 en su programa de j\u00f3venes talentos<\/strong>, lo que le brind\u00f3 el impulso necesario para llegar a la\u00a0F\u00f3rmula 1.<\/p>\n\n\n\n<p>En 2016, el franc\u00e9s debut\u00f3 en la F\u00f3rmula 1 con la escuder\u00eda Manor, aunque compiti\u00f3 en 9 carreras sin sumar puntos. Fue en 2017 cuando se present\u00f3 su gran oportunidad al convertirse en compa\u00f1ero de P\u00e9rez dentro de Force India.<\/p>\n\n\n\n<p>Actualmente, Esteban Ocon forma parte de la\u00a0escuder\u00eda francesa Alpine, junto a su compatriota Pierre Gasly.<\/p>\n\n\n\n<figure class=\"wp-block-image\"><img decoding=\"async\" src=\"https:\/\/www.elfinanciero.com.mx\/resizer\/P2gadZhJB9TmSa5LgsLrV2csbnY=\/1440x0\/filters:format(jpg):quality(70)\/cloudfront-us-east-1.images.arcpublishing.com\/elfinanciero\/4ZBMB46GYNBXTJ46ZW5XYVB5QE.jpg\" alt=\"\"\/><figcaption><strong><\/strong>Esteban Ocon corre actualmente en Alpine. (Foto: EFE \/ Ali Haider)<\/figcaption><\/figure>\n","protected":false},"excerpt":{"rendered":"<p>Ni Max Verstappen ni Lance Stroll tuvieron una rivalidad tan fuerte con\u00a0Sergio \u2018Checo\u2019 P\u00e9rez\u00a0como la que vivi\u00f3 el mexicano en las temporadas\u00a02017 y 2018\u00a0con\u00a0Esteban Ocon, mientras compet\u00edan para la escuder\u00eda Force India, la cual fue renombrada como\u00a0Racing Point en 2018. La llamada\u00a0\u2018Guerra Rosa\u2019 fue protagonizada por el piloto mexicano y\u00a0Esteban Ocon, misma que result\u00f3 en [&hellip;]<\/p>\n","protected":false},"author":2,"featured_media":127899,"comment_status":"open","ping_status":"open","sticky":false,"template":"","format":"standard","meta":{"footnotes":""},"categories":[7],"tags":[],"class_list":["post-127898","post","type-post","status-publish","format-standard","has-post-thumbnail","hentry","category-deportes"],"_links":{"self":[{"href":"http:\/\/elcuartopoder.com.mx\/nw\/wp-json\/wp\/v2\/posts\/127898","targetHints":{"allow":["GET"]}}],"collection":[{"href":"http:\/\/elcuartopoder.com.mx\/nw\/wp-json\/wp\/v2\/posts"}],"about":[{"href":"http:\/\/elcuartopoder.com.mx\/nw\/wp-json\/wp\/v2\/types\/post"}],"author":[{"embeddable":true,"href":"http:\/\/elcuartopoder.com.mx\/nw\/wp-json\/wp\/v2\/users\/2"}],"replies":[{"embeddable":true,"href":"http:\/\/elcuartopoder.com.mx\/nw\/wp-json\/wp\/v2\/comments?post=127898"}],"version-history":[{"count":1,"href":"http:\/\/elcuartopoder.com.mx\/nw\/wp-json\/wp\/v2\/posts\/127898\/revisions"}],"predecessor-version":[{"id":127900,"href":"http:\/\/elcuartopoder.com.mx\/nw\/wp-json\/wp\/v2\/posts\/127898\/revisions\/127900"}],"wp:featuredmedia":[{"embeddable":true,"href":"http:\/\/elcuartopoder.com.mx\/nw\/wp-json\/wp\/v2\/media\/127899"}],"wp:attachment":[{"href":"http:\/\/elcuartopoder.com.mx\/nw\/wp-json\/wp\/v2\/media?parent=127898"}],"wp:term":[{"taxonomy":"category","embeddable":true,"href":"http:\/\/elcuartopoder.com.mx\/nw\/wp-json\/wp\/v2\/categories?post=127898"},{"taxonomy":"post_tag","embeddable":true,"href":"http:\/\/elcuartopoder.com.mx\/nw\/wp-json\/wp\/v2\/tags?post=127898"}],"curies":[{"name":"wp","href":"https:\/\/api.w.org\/{rel}","templated":true}]}}