{"id":127901,"date":"2024-04-15T13:38:10","date_gmt":"2024-04-15T18:38:10","guid":{"rendered":"http:\/\/elcuartopoder.com.mx\/nw\/?p=127901"},"modified":"2024-04-15T13:38:14","modified_gmt":"2024-04-15T18:38:14","slug":"sinaloa-el-eclipse-de-una-narrativa","status":"publish","type":"post","link":"http:\/\/elcuartopoder.com.mx\/nw\/policiacas\/sinaloa-el-eclipse-de-una-narrativa\/","title":{"rendered":"Sinaloa, el eclipse de una narrativa"},"content":{"rendered":"\n<p>Vaya bronca medi\u00e1tica en la que se meti\u00f3 Rub\u00e9n Rocha, Gobernador del estado de Sinaloa, cuando posteo en X que los ocho de los 66 levantados el 22 de marzo hab\u00edan regresado a sus hogares y estaban \u201csanos y salvos\u201d. Que ese asunto quedaba saldado y ya la Fiscal\u00eda del estado informar\u00eda con m\u00e1s detalle de su regreso a casa.&nbsp;&nbsp;<\/p>\n\n\n\n<p>As\u00ed lo dijo el Gobernador:&nbsp;\u201cLos encontramos ayer (los \u00faltimos 8) y hemos comprobado casa por casa d\u00f3nde est\u00e1n los que no estaban, los que hab\u00edan desaparecido, y est\u00e1n en sus casas, tengo los nombres, los cuales no podemos darlos, eso solamente lo har\u00eda la autoridad investigadora en el caso de que presenten denuncia. No se han presentado denuncias\u201d.<\/p>\n\n\n\n<p>Esta afirmaci\u00f3n escal\u00f3 hasta la misma conferencia \u201cma\u00f1anera\u201d del pasado lunes que se celebr\u00f3 en Mazatl\u00e1n y el Presidente repiti\u00f3 con gozo lo dicho por Rocha Moya. A la vista de la audiencia presente, era un \u00e9xito de las fuerzas de seguridad del estado. Una buena noticia cuando todo mundo estaba atento a lo que suced\u00eda en Mazatl\u00e1n con motivo del eclipse de Sol y es que, seguramente, muchos de los visitantes al puerto llegaron con los temores normales de viajar por el pa\u00eds.&nbsp;&nbsp;<\/p>\n\n\n\n<p>Pero esta nota tranquiliz\u00f3 a muchos que disfrutaban de los d\u00edas frescos y la oferta cultural del puerto, y es que Edgar Gonz\u00e1lez, el Alcalde de la llamada Perla del Pac\u00edfico, ech\u00f3 la casa por la ventana con una serie de espect\u00e1culos que fueron del gozo de los visitantes llegados de lugares remotos para ser testigos&nbsp;<em>in situ<\/em>&nbsp;de tan significativo evento de los astros.&nbsp;&nbsp;<\/p>\n\n\n\n<p>Sin embargo, pasada la algarab\u00eda ecl\u00edptica, el estado y el puerto paulatinamente volvieron a la normalidad. Los visitantes fueron regresando a sus lugares de origen. Y las noticias locales buenas o malas volvieron aparecer como todos los d\u00edas. Y una de ellas fue que los ocho desaparecidos siempre no hab\u00edan regresado como hab\u00eda asegurado el Gobernador -y de paso el Presidente L\u00f3pez Obrador-, que segu\u00edan en paradero desconocido.&nbsp;&nbsp;&nbsp;<\/p>\n\n\n\n<p>Y no lo dec\u00eda la oposici\u00f3n para buscar raja pol\u00edtica electoral. Lo dec\u00edan los familiares que estaban sorprendidos de la afirmaci\u00f3n concluyente del Presidente y el Gobernador.&nbsp;&nbsp;<\/p>\n\n\n\n<p>Hay razones de peso para pensar que fue una estrategia medi\u00e1tica para evitar que en el marco del eclipse, los periodistas visitantes trasmitieran noticias del tema que eclipsaran la mejor propaganda gratis que haya tenido Mazatl\u00e1n. Que afirmara la \u201cmarca\u201d de la casa, la marca Sinaloa.&nbsp;&nbsp;&nbsp;<\/p>\n\n\n\n<p>Y si ese era el objetivo se logr\u00f3, los periodistas visitantes estaban centrados en el motivo en el eclipse y el puerto se vendi\u00f3 bien como destino tur\u00edstico en paz, festivo y hospitalario. Ni siquiera la desaparici\u00f3n y muerte de Larry Allen, un motociclista norteamericano llam\u00f3 la atenci\u00f3n de la prensa. El balance repito es positivo con un 100 por ciento de ocupaci\u00f3n.&nbsp;&nbsp;<\/p>\n\n\n\n<p>Mazatl\u00e1n por buenas razones estuvo en el centro de la conversaci\u00f3n internacional. Ahora viene el control de da\u00f1os hacia dentro. El Secretario de Seguridad P\u00fablica sali\u00f3 a decir que la informaci\u00f3n que el Gobernador y el Presidente hicieron p\u00fablica fue recogida de los propios familiares de las v\u00edctimas.<\/p>\n\n\n\n<p>Me pregunto con asombro: \u00bfQu\u00e9 inter\u00e9s puede tener un familiar en mentir diciendo que su padre, madre, hijo o hija estaban de nuevo en casa si no era cierto? A la vista ninguna racionalmente. Igual no se menciona al familiar informante o la informaci\u00f3n recogida en casa, como dice el Gobernador Rocha Moya.&nbsp;&nbsp;<\/p>\n\n\n\n<p>Por eso, hoy a las familias de las v\u00edctimas se le revictimiza, se\u00f1al\u00e1ndolos, como culpables de lo expresado a los medios nacionales e internacionales por el Gobernador y el Presidente de la Rep\u00fablica.&nbsp;&nbsp;<\/p>\n\n\n\n<p>Y eso, es una infamia contra estas familias que ahora dudan que la autoridad est\u00e9 busc\u00e1ndolos y los ocho -que, ahora dice la Comisi\u00f3n Estatal de B\u00fasqueda, y las propias autoridades que son once, entre ellos, un menor de s\u00f3lo dos a\u00f1os- se sumen a la lista larga de desaparecidos sinaloenses.&nbsp;&nbsp;<\/p>\n\n\n\n<p>Si el autor intelectual del levantamiento de las 66 personas buscaba ir m\u00e1s all\u00e1 de su lucha contra el robo de casas habitaci\u00f3n, los veh\u00edculos robados o las extorsiones, mandar otro tipo de mensajes a las autoridades est\u00e1n vigentes y, probablemente, ser\u00eda el motivo por el que siguen retenidos desde hace tres semanas y no han sido liberados.&nbsp;&nbsp;&nbsp;<\/p>\n\n\n\n<p>Ya se habla entre los familiares de las v\u00edctimas que a \u00e9stas no se les busca porque a decir por el propio Gobernador, \u201cno han presentado denuncias\u201d. O sea, en t\u00e9rminos leguleyos, no se act\u00faa de oficio. Caramba. Son once, y la mayor\u00eda son j\u00f3venes y el menor de solo dos a\u00f1os. \u00bfAcaso el Gobierno estatal tiene informaci\u00f3n que la mayor\u00eda de los sinaloenses desconocemos?&nbsp; Y que podr\u00eda significar que estas v\u00edctimas nunca regresen a casa.&nbsp;&nbsp;<\/p>\n\n\n\n<p>No sabemos las razones de porque las v\u00edctimas no han regresado, ni tampoco cu\u00e1ndo volver\u00e1n. Y mientras son peras o son manzanas, la incertidumbre consume a las familias, a los hijos peque\u00f1os que preguntan por la madre o por el padre obteniendo mentiras piadosas. Que est\u00e1n de viaje y que pronto volver\u00e1n. Que no coman ansias. Mientras pasan los d\u00edas y las noches.&nbsp;<\/p>\n\n\n\n<p>Y el Gobierno del estado est\u00e1 pasmado metido en un problema de imagen por sus declaraciones fuera de lugar porque los y las once sinaloenses siguen desaparecidos. Esperando ser rescatados para efectivamente regresar a sus casas.&nbsp;&nbsp;<\/p>\n\n\n\n<p>En definitiva, el tema de los 66 sinaloenses levantados y en particular los once que no han aparecido, aunque hayan dicho que s\u00ed, que est\u00e1n en sus casas, muestra que para el Gobernador el tema de la verdad no es un problema. Dir\u00e1 son cosas que pasan y hay que aprender a vivir con ellas. El problema es que los familiares de las v\u00edctimas no relativizan la verdad. Los quieren de nuevo en casa.<\/p>\n\n\n\n<p><\/p>\n","protected":false},"excerpt":{"rendered":"<p>Vaya bronca medi\u00e1tica en la que se meti\u00f3 Rub\u00e9n Rocha, Gobernador del estado de Sinaloa, cuando posteo en X que los ocho de los 66 levantados el 22 de marzo hab\u00edan regresado a sus hogares y estaban \u201csanos y salvos\u201d. Que ese asunto quedaba saldado y ya la Fiscal\u00eda del estado informar\u00eda con m\u00e1s detalle [&hellip;]<\/p>\n","protected":false},"author":2,"featured_media":127902,"comment_status":"open","ping_status":"open","sticky":false,"template":"","format":"standard","meta":{"footnotes":""},"categories":[23],"tags":[],"class_list":["post-127901","post","type-post","status-publish","format-standard","has-post-thumbnail","hentry","category-policiacas"],"_links":{"self":[{"href":"http:\/\/elcuartopoder.com.mx\/nw\/wp-json\/wp\/v2\/posts\/127901","targetHints":{"allow":["GET"]}}],"collection":[{"href":"http:\/\/elcuartopoder.com.mx\/nw\/wp-json\/wp\/v2\/posts"}],"about":[{"href":"http:\/\/elcuartopoder.com.mx\/nw\/wp-json\/wp\/v2\/types\/post"}],"author":[{"embeddable":true,"href":"http:\/\/elcuartopoder.com.mx\/nw\/wp-json\/wp\/v2\/users\/2"}],"replies":[{"embeddable":true,"href":"http:\/\/elcuartopoder.com.mx\/nw\/wp-json\/wp\/v2\/comments?post=127901"}],"version-history":[{"count":1,"href":"http:\/\/elcuartopoder.com.mx\/nw\/wp-json\/wp\/v2\/posts\/127901\/revisions"}],"predecessor-version":[{"id":127903,"href":"http:\/\/elcuartopoder.com.mx\/nw\/wp-json\/wp\/v2\/posts\/127901\/revisions\/127903"}],"wp:featuredmedia":[{"embeddable":true,"href":"http:\/\/elcuartopoder.com.mx\/nw\/wp-json\/wp\/v2\/media\/127902"}],"wp:attachment":[{"href":"http:\/\/elcuartopoder.com.mx\/nw\/wp-json\/wp\/v2\/media?parent=127901"}],"wp:term":[{"taxonomy":"category","embeddable":true,"href":"http:\/\/elcuartopoder.com.mx\/nw\/wp-json\/wp\/v2\/categories?post=127901"},{"taxonomy":"post_tag","embeddable":true,"href":"http:\/\/elcuartopoder.com.mx\/nw\/wp-json\/wp\/v2\/tags?post=127901"}],"curies":[{"name":"wp","href":"https:\/\/api.w.org\/{rel}","templated":true}]}}