{"id":127904,"date":"2024-04-15T13:39:33","date_gmt":"2024-04-15T18:39:33","guid":{"rendered":"http:\/\/elcuartopoder.com.mx\/nw\/?p=127904"},"modified":"2024-04-15T13:39:37","modified_gmt":"2024-04-15T18:39:37","slug":"el-genocidio","status":"publish","type":"post","link":"http:\/\/elcuartopoder.com.mx\/nw\/opinion\/el-genocidio\/","title":{"rendered":"El genocidio"},"content":{"rendered":"\n<p>M\u00e1s all\u00e1 de los n\u00fameros que describen el desastre que fue el manejo de la pandemia en nuestro pa\u00eds, el informe preliminar de la Comisi\u00f3n Independiente de Investigaci\u00f3n sobre la Pandemia del Covid-19 (CIIP) que revisa de manera exhaustiva ese comportamiento configura el perfil de un genocida. O dos.<\/p>\n\n\n\n<p>Lo que queda claro es que de esta desgracia que cost\u00f3 a M\u00e9xico 833 mil muertes en exceso, de las que al menos 224 mil que pudieron haberse evitado, hay un responsable. O dos.<\/p>\n\n\n\n<p>El mencionado informe deber\u00e1 ser valorado mucho m\u00e1s de lo que ha sido hasta ahora y tener consecuencias incluso penales, pienso.&nbsp; He aqu\u00ed, en algunas de las conclusiones preliminares dadas a conocer la semana pasada, la letan\u00eda de horrores documentados por los 17 cient\u00edficos y acad\u00e9micos integrantes de la CIIP, encabezados por el doctor Javier Sep\u00falveda, epidemi\u00f3logo, pionero en la lucha contra el VIH y director ejecutivo del Instituto de Ciencias de la Salud Global de la Universidad de California:<\/p>\n\n\n\n<ol class=\"wp-block-list\"><li>Proceso fallido de toma de decisiones.<\/li><li>Evidencia cient\u00edfica ignorada.<\/li><li>Uso enga\u00f1oso de datos.<\/li><li>Abandono del personal de salud.<\/li><li>Desprotecci\u00f3n de sectores populares y grupos vulnerables.<\/li><\/ol>\n\n\n\n<p>Los datos duros aterran:<\/p>\n\n\n\n<p>\u2014 Las muertes oficiales (334 mil decesos confirmados) corresponden a las personas que fallecieron y s\u00ed contaron con una prueba diagn\u00f3stica de Covid; sin embargo, existen otras 510 mil muertes confirmadas por medio de dict\u00e1menes m\u00e9dicos.<\/p>\n\n\n\n<p>\u2014 Entre marzo de 2020 y diciembre de 2023, en M\u00e9xico murieron 833 mil personas de manera directa e indirecta por la pandemia de covid-19. Es decir, son decesos en exceso.<\/p>\n\n\n\n<p>\u2014 De esa cifra, 224 mil se atribuyen a fallas en la gesti\u00f3n de la emergencia sanitaria, por lo que se considera que \u201c\u00e9stas pudieron evitarse\u201d.<\/p>\n\n\n\n<p>Hay que precisar que para hacer el c\u00e1lculo de los decesos, la CIIP revis\u00f3 los certificados de defunci\u00f3n avalados por una comisi\u00f3n interinstitucional oficial, en la que participan la Secretar\u00eda de Salud y el Instituto Nacional de Estad\u00edstica y Geograf\u00eda (Inegi). As\u00ed, las 833 mil muertes en exceso que identifica la Comisi\u00f3n Independiente coinciden con los datos del Inegi. De 2020 a 2022, el Instituto identific\u00f3 un exceso de mortalidad de entre 673 mil y 807 mil decesos.<\/p>\n\n\n\n<p>En el desglose de estos enunciados enlistados arriba queda en evidencia el manejo irresponsable e indolente \u2013cuando menos\u2013 de la emergencia y la preferencia evidente a los intereses pol\u00edticos sobre la evidencia cient\u00edfica.<\/p>\n\n\n\n<p>Pone el informe preliminar:<\/p>\n\n\n\n<p>\u2014 La gobernanza y gesti\u00f3n de la crisis estuvo caracterizada por un proceso fallido de toma de decisiones, que incluy\u00f3 la personalizaci\u00f3n excesiva, la persistencia en el error, as\u00ed como el rechazo a la deliberaci\u00f3n y a la evidencia cient\u00edfica.<\/p>\n\n\n\n<p>\u2014 La comunicaci\u00f3n gubernamental se vio afectada por la minimizaci\u00f3n de la gravedad de la situaci\u00f3n, el uso enga\u00f1oso de datos, la justificaci\u00f3n pseudo-cient\u00edfica de decisiones pol\u00edticas y la decisi\u00f3n de gestionar la percepci\u00f3n de la sociedad, en vez de gestionar la crisis sanitaria para evitar al m\u00e1ximo los contagios y fallecimientos.<\/p>\n\n\n\n<p>\u200d\u2013 Antes de la pandemia, el sistema de salud se encontraba segmentado y en un estado financiero precario. Esas debilidades del sistema se exacerbaron debido a reformas regresivas y a una pol\u00edtica err\u00e1tica de subejercicio y recorte al gasto, lo que redujo su capacidad para responder a la crisis.<\/p>\n\n\n\n<p>\u200d\u2013 Entre las conclusiones en temas socio-econ\u00f3micos, destaca la desprotecci\u00f3n de sectores populares y grupos vulnerables por la falta de est\u00edmulos econ\u00f3micos, el aumento pronunciado del gasto familiar en salud, as\u00ed como el impacto en mortalidad, orfandad y esperanza de vida, que termin\u00f3 afectando m\u00e1s a las personas de menores ingresos.<\/p>\n\n\n\n<p>\u200d\u2013 El elevado n\u00famero de fallecimientos no se explica en su totalidad por la situaci\u00f3n del sistema de salud, la demograf\u00eda o las condiciones preexistentes de salud de la sociedad mexicana (diabetes, obesidad, etc.). Mediante un an\u00e1lisis matem\u00e1tico, se estima que por lo menos 224 mil 244 vidas se hubieran salvado, de haber existido un manejo diferente de la pandemia.<\/p>\n\n\n\n<p>\u200dLas muertes alcanzaron en mayor medida a la poblaci\u00f3n pobre que no recibi\u00f3 est\u00edmulos econ\u00f3micos del gobierno espec\u00edficos, lejos de los programas sociales ya implementados. En otros pa\u00edses, la poblaci\u00f3n m\u00e1s vulnerable s\u00ed recibi\u00f3 apoyos especiales por la pandemia.<\/p>\n\n\n\n<p>\u201cEn un pa\u00eds tan desigual como M\u00e9xico, se debi\u00f3 haber protegido a los sectores m\u00e1s vulnerables y no se hizo\u201d, lament\u00f3 el doctor Sep\u00falveda en entrevistas.<\/p>\n\n\n\n<p>Cabe mencionar que entre los integrantes de la Comisi\u00f3n, expertos en salud, econom\u00eda, educaci\u00f3n y otros campos. Se cuentan adem\u00e1s del doctor Sep\u00falveda, eminencias cient\u00edficas como el doctor Antonio Lazcano, Julia Carabias, Jos\u00e9 Ram\u00f3n Coss\u00edo, Amanda Glassman, Carlos del R\u00edo, Carol Perelman y Sylvia Schmelkes<\/p>\n\n\n\n<p>El responsable formal del manejo de la pandemia fue el doctor Hugo L\u00f3pez-Gatell, subsecretario de Salud. Recib\u00eda \u00f3rdenes directamente del presidente Andr\u00e9s Manuel L\u00f3pez Obrador.&nbsp; A ellos dos deben atribuirse las cinco acciones enlistadas por la CIIP. Por lo pronto. En ellos recae b\u00e1sicamente la responsabilidad de los resultados y las consecuencias. No hace falta decir m\u00e1s, \u00bfo s\u00ed?<\/p>\n\n\n\n<p>S\u00ed.<\/p>\n\n\n\n<p>Un agravante, crucial: seg\u00fan la Encuesta Nacional de Salud y Nutrici\u00f3n 2020 (ENSANUT) elaborado por el Instituto Nacional de Salud P\u00fablica (INSP) del gobierno mexicano, en ese entonces un 25 por ciento de los mexicanos \u2013 lo que equivale a 31 millones de personas\u2013, &nbsp;present\u00f3 anticuerpos en pruebas, es decir, que se contagiaron de Covid-19 aun cuando fueran asintom\u00e1ticos.<\/p>\n\n\n\n<p>Esto indica que efectivamente se opt\u00f3&nbsp; \u2013como se especul\u00f3 en su momento\u2013, por la \u201cinmunidad del reba\u00f1o\u201d que L\u00f3pez-Gatell defend\u00eda y seg\u00fan la cual al llegar a cierto porcentaje de contagiados, costara lo que costara en vidas, la pandemia se controlar\u00eda por si sola. A eso apost\u00f3 intencionalmente el \u201cepidemi\u00f3logo\u201d\u2026 que deliberadamente ocult\u00f3 el dato sobre contagios. V\u00e1lgame.<\/p>\n","protected":false},"excerpt":{"rendered":"<p>M\u00e1s all\u00e1 de los n\u00fameros que describen el desastre que fue el manejo de la pandemia en nuestro pa\u00eds, el informe preliminar de la Comisi\u00f3n Independiente de Investigaci\u00f3n sobre la Pandemia del Covid-19 (CIIP) que revisa de manera exhaustiva ese comportamiento configura el perfil de un genocida. O dos. Lo que queda claro es que [&hellip;]<\/p>\n","protected":false},"author":2,"featured_media":127905,"comment_status":"open","ping_status":"open","sticky":false,"template":"","format":"standard","meta":{"footnotes":""},"categories":[62],"tags":[],"class_list":["post-127904","post","type-post","status-publish","format-standard","has-post-thumbnail","hentry","category-opinion"],"_links":{"self":[{"href":"http:\/\/elcuartopoder.com.mx\/nw\/wp-json\/wp\/v2\/posts\/127904","targetHints":{"allow":["GET"]}}],"collection":[{"href":"http:\/\/elcuartopoder.com.mx\/nw\/wp-json\/wp\/v2\/posts"}],"about":[{"href":"http:\/\/elcuartopoder.com.mx\/nw\/wp-json\/wp\/v2\/types\/post"}],"author":[{"embeddable":true,"href":"http:\/\/elcuartopoder.com.mx\/nw\/wp-json\/wp\/v2\/users\/2"}],"replies":[{"embeddable":true,"href":"http:\/\/elcuartopoder.com.mx\/nw\/wp-json\/wp\/v2\/comments?post=127904"}],"version-history":[{"count":1,"href":"http:\/\/elcuartopoder.com.mx\/nw\/wp-json\/wp\/v2\/posts\/127904\/revisions"}],"predecessor-version":[{"id":127906,"href":"http:\/\/elcuartopoder.com.mx\/nw\/wp-json\/wp\/v2\/posts\/127904\/revisions\/127906"}],"wp:featuredmedia":[{"embeddable":true,"href":"http:\/\/elcuartopoder.com.mx\/nw\/wp-json\/wp\/v2\/media\/127905"}],"wp:attachment":[{"href":"http:\/\/elcuartopoder.com.mx\/nw\/wp-json\/wp\/v2\/media?parent=127904"}],"wp:term":[{"taxonomy":"category","embeddable":true,"href":"http:\/\/elcuartopoder.com.mx\/nw\/wp-json\/wp\/v2\/categories?post=127904"},{"taxonomy":"post_tag","embeddable":true,"href":"http:\/\/elcuartopoder.com.mx\/nw\/wp-json\/wp\/v2\/tags?post=127904"}],"curies":[{"name":"wp","href":"https:\/\/api.w.org\/{rel}","templated":true}]}}