{"id":127933,"date":"2024-04-16T09:53:16","date_gmt":"2024-04-16T14:53:16","guid":{"rendered":"http:\/\/elcuartopoder.com.mx\/nw\/?p=127933"},"modified":"2024-04-16T09:53:20","modified_gmt":"2024-04-16T14:53:20","slug":"israel-quiere-responder-a-iran-sin-iniciar-una-guerra-a-gran-escala-en-oriente-proximo","status":"publish","type":"post","link":"http:\/\/elcuartopoder.com.mx\/nw\/internacionales\/israel-quiere-responder-a-iran-sin-iniciar-una-guerra-a-gran-escala-en-oriente-proximo\/","title":{"rendered":"Israel quiere responder a Ir\u00e1n sin iniciar una guerra a gran escala en Oriente Pr\u00f3ximo"},"content":{"rendered":"\n<p>Israel baraja distintas posibilidades\u00a0en su posible respuesta a Ir\u00e1n despu\u00e9s del ataque lanzado por el r\u00e9gimen de los ayatol\u00e1s el s\u00e1bado, pero la que en la actualidad tiene m\u00e1s peso es la que consiste<strong>\u00a0en atacar a la rep\u00fablica isl\u00e1mica sin desencadenar una guerra a gran escala<\/strong>\u00a0en Oriente Pr\u00f3ximo, seg\u00fan se supo el lunes a partir de informaciones filtradas por la cadena israel\u00ed Channel 12.<\/p>\n\n\n\n<p>Esa decisi\u00f3n, debatida en el gabinete de guerra, tambi\u00e9n implica que la respuesta se realice en coordinaci\u00f3n con Estados Unidos, a pesar de que Washington expres\u00f3 desde el d\u00eda de los bombardeos -en los que Teher\u00e1n lanz\u00f3 una lluvia de misiles y drones contra territorio israel\u00ed, que fueron contenidos gracias a la coordinaci\u00f3n estadounidense, brit\u00e1nica y francesa- que no tiene intenci\u00f3n de participar de manera directa en un ataque contra Ir\u00e1n, de nuevo seg\u00fan las informaciones de Channel 12.<\/p>\n\n\n\n<h3 class=\"wp-block-heading\">Voluntad de apaciguar<\/h3>\n\n\n\n<p>Los planes fueron confirmados poco despu\u00e9s de que se filtraran por el jefe del Estado Mayor de Israel, Herzi Halevi, que, seg\u00fan declaraciones recogidas por \u2018The Times of Israel\u2019, confirm\u00f3 que Tel Aviv responder\u00e1 a lo sucedido. \u00abEstamos mirando hacia adelante, estamos considerando nuestros pasos, y el lanzamiento de<strong>\u00a0tantos misiles, misiles de crucero y veh\u00edculos a\u00e9reos no tripulado<\/strong>s en el territorio del Estado de Israel encontrar\u00e1 una respuesta\u00bb, dijo Halevi, seg\u00fan el mismo medio. \u00abEl lunes pasado vimos lo que se estaba organizando [&#8230;] ante una amenaza tan numerosa y tan lejana, siempre estamos felices de tener a [Estados Unidos] con nosotros\u00bb.<\/p>\n\n\n\n<p>Incluso desde antes del ataque iran\u00ed -sin precedentes, pues se trata de la primera ocasi\u00f3n que el r\u00e9gimen intenta una ofensiva directa contra suelo de Israel-, el presidente de Estados Unidos, Joe Biden, ha empleado\u00a0un tono destinado a evitar que la situaci\u00f3n se descontrole. En ese sentido, el mandatario dem\u00f3crata insisti\u00f3 el lunes en su deseo de que la guerra no se extienda por todo Oriente Pr\u00f3ximo. \u00abEstamos comprometidos con un alto el fuego que traiga a los rehenes a casa y evite que el conflicto se propague m\u00e1s de lo que ya lo ha hecho\u00bb, dijo Biden en su reuni\u00f3n con el primer ministro de Irak, Mohamed Shia al Sudani, en la Casa Blanca.<\/p>\n\n\n\n<p>El presidente de Estados Unidos, Joe Biden, ha empleado un tono destinado a evitar que la situaci\u00f3n se descontrole<\/p>\n\n\n\n<p>Con esa misma pol\u00edtica de pacificaci\u00f3n regional, el Departamento de Estado de Estados Unidos tambi\u00e9n conden\u00f3 el lunes la muerte la semana pasada de Benjamin Achimeir, un joven de catorce a\u00f1os que perdi\u00f3 la vida en un suceso<strong>\u00a0calificado por el Ej\u00e9rcito israel\u00ed de \u00abataque terrorista\u00bb<\/strong>, incidente que incendi\u00f3 Cisjordania, donde se han multiplicado los altercados. \u00abCondenamos en\u00e9rgicamente el asesinato del israel\u00ed de catorce a\u00f1os Benjamin Achimeir y extendemos nuestras condolencias a su familia y amigos\u00bb, rezaba un comunicado emitido por Matthew Miller, portavoz del Departamento de Estado.<\/p>\n\n\n\n<p>Fuente: ABC<\/p>\n","protected":false},"excerpt":{"rendered":"<p>Israel baraja distintas posibilidades\u00a0en su posible respuesta a Ir\u00e1n despu\u00e9s del ataque lanzado por el r\u00e9gimen de los ayatol\u00e1s el s\u00e1bado, pero la que en la actualidad tiene m\u00e1s peso es la que consiste\u00a0en atacar a la rep\u00fablica isl\u00e1mica sin desencadenar una guerra a gran escala\u00a0en Oriente Pr\u00f3ximo, seg\u00fan se supo el lunes a partir [&hellip;]<\/p>\n","protected":false},"author":2,"featured_media":127934,"comment_status":"open","ping_status":"open","sticky":false,"template":"","format":"standard","meta":{"footnotes":""},"categories":[8],"tags":[],"class_list":["post-127933","post","type-post","status-publish","format-standard","has-post-thumbnail","hentry","category-internacionales"],"_links":{"self":[{"href":"http:\/\/elcuartopoder.com.mx\/nw\/wp-json\/wp\/v2\/posts\/127933","targetHints":{"allow":["GET"]}}],"collection":[{"href":"http:\/\/elcuartopoder.com.mx\/nw\/wp-json\/wp\/v2\/posts"}],"about":[{"href":"http:\/\/elcuartopoder.com.mx\/nw\/wp-json\/wp\/v2\/types\/post"}],"author":[{"embeddable":true,"href":"http:\/\/elcuartopoder.com.mx\/nw\/wp-json\/wp\/v2\/users\/2"}],"replies":[{"embeddable":true,"href":"http:\/\/elcuartopoder.com.mx\/nw\/wp-json\/wp\/v2\/comments?post=127933"}],"version-history":[{"count":1,"href":"http:\/\/elcuartopoder.com.mx\/nw\/wp-json\/wp\/v2\/posts\/127933\/revisions"}],"predecessor-version":[{"id":127935,"href":"http:\/\/elcuartopoder.com.mx\/nw\/wp-json\/wp\/v2\/posts\/127933\/revisions\/127935"}],"wp:featuredmedia":[{"embeddable":true,"href":"http:\/\/elcuartopoder.com.mx\/nw\/wp-json\/wp\/v2\/media\/127934"}],"wp:attachment":[{"href":"http:\/\/elcuartopoder.com.mx\/nw\/wp-json\/wp\/v2\/media?parent=127933"}],"wp:term":[{"taxonomy":"category","embeddable":true,"href":"http:\/\/elcuartopoder.com.mx\/nw\/wp-json\/wp\/v2\/categories?post=127933"},{"taxonomy":"post_tag","embeddable":true,"href":"http:\/\/elcuartopoder.com.mx\/nw\/wp-json\/wp\/v2\/tags?post=127933"}],"curies":[{"name":"wp","href":"https:\/\/api.w.org\/{rel}","templated":true}]}}