{"id":127936,"date":"2024-04-16T10:03:33","date_gmt":"2024-04-16T15:03:33","guid":{"rendered":"http:\/\/elcuartopoder.com.mx\/nw\/?p=127936"},"modified":"2024-04-16T10:03:37","modified_gmt":"2024-04-16T15:03:37","slug":"esperan-un-ano-bueno-para-el-turismo-en-mexico-pese-a-retos-de-seguridad","status":"publish","type":"post","link":"http:\/\/elcuartopoder.com.mx\/nw\/destacadas\/esperan-un-ano-bueno-para-el-turismo-en-mexico-pese-a-retos-de-seguridad\/","title":{"rendered":"Esperan un a\u00f1o bueno para el turismo en M\u00e9xico pese a retos de seguridad"},"content":{"rendered":"\n<p>Los empresarios de M\u00e9xico esperan un a\u00f1o \u00abbueno\u00bb para el turismo en el pa\u00eds pese a los retos de seguridad y Estado de derecho, seg\u00fan afirm\u00f3 este lunes Octavio de la Torre de St\u00e9ffano, presidente de la Confederaci\u00f3n de C\u00e1maras Nacionales de Comercio, Servicios y Turismo (Concanaco-Servytur).<\/p>\n\n\n\n<p>\u00abEl pron\u00f3stico es bueno, el turismo lo hacemos todos y en t\u00e9rminos de turismo hay algunas actividades que debemos fortalecer, pero no nada m\u00e1s la responsabilidad est\u00e1 en el Gobierno sino tambi\u00e9n en el sector privado, (est\u00e1) por supuesto el Estado de derecho, la seguridad p\u00fablica, la infraestructura\u00bb, expuso a EFE.<\/p>\n\n\n\n<p>El representante de la industria ofreci\u00f3 una entrevista en el marco del Tianguis Tur\u00edstico, el mayor evento de este sector en M\u00e9xico y que ocurri\u00f3 en el puerto de Acapulco.<\/p>\n\n\n\n<p>El l\u00edder de las c\u00e1maras empresariales present\u00f3 ejes para impulsar el turismo en el pa\u00eds: Estado de derecho y seguridad p\u00fablica; desarrollo de capital humano; la transformaci\u00f3n digital; una \u00absituaci\u00f3n fiscal esbelta\u00bb, y \u00abuna mejora regulatoria\u00bb.<\/p>\n\n\n\n<p>\u00ab(Un sistema) que nos permita que los negocios puedan respirar y ese sistema fiscal esbelto tambi\u00e9n nos permita producir y contribuir en (un mercado) donde el 45 % de la econom\u00eda el d\u00eda de hoy se encuentra en la formalidad, esa es la realidad de M\u00e9xico\u00bb, detall\u00f3.<\/p>\n\n\n\n<p><strong>En busca de mejores cifras<\/strong><\/p>\n\n\n\n<p>M\u00e9xico, uno de los 10 pa\u00edses m\u00e1s visitados del mundo, registr\u00f3 un aumento del 10 % en los turistas internacionales en 2023, hasta los 42,15 millones, y un incremento de casi 9 % en los ingresos por este concepto, al superar los 28.682 millones de d\u00f3lares, seg\u00fan el Instituto Nacional de Estad\u00edstica y Geograf\u00eda (Inegi).<\/p>\n\n\n\n<p>Sin un pron\u00f3stico en concreto, De la Torre de St\u00e9ffano explic\u00f3 que la tendencia para este 2024 es un aumento sobre las cifras del a\u00f1o anterior.<\/p>\n\n\n\n<p>El presidente de la Concanaco-Servytur relat\u00f3 que identificaron un crecimiento en el turismo de gama media-alta, personas que aportan 731 d\u00f3lares en promedio por visita.<\/p>\n\n\n\n<p>\u201cEl pron\u00f3stico es bueno (y lo) que vivimos nosotros, que en t\u00e9rminos tur\u00edsticos lleg\u00f3 a diferenciar la actividad actual, (es) que nosotros crecimos sobre todo en el turismo que nos deja econom\u00eda\u00bb, detall\u00f3.&nbsp;<\/p>\n\n\n\n<p><strong>El desaf\u00edo de la crisis clim\u00e1tica<\/strong><\/p>\n\n\n\n<p>El directivo mencion\u00f3 que el a\u00f1o pasado observaron que, para que el turismo funcione, es fundamental cuidar el medio ambiente, pues M\u00e9xico es vulnerable a la crisis clim\u00e1tica.<\/p>\n\n\n\n<p>Un ejemplo de ello fue Acapulco, donde el hurac\u00e1n Otis rompi\u00f3 el r\u00e9cord de intensificaci\u00f3n para un cicl\u00f3n en M\u00e9xico y dej\u00f3 m\u00e1s de 50 muertos en octubre pasado.<\/p>\n\n\n\n<p>Tambi\u00e9n cit\u00f3 que \u00abuna gran cantidad de viajeros\u00bb buscan explorar zonas v\u00edrgenes, espacios recreativos y de playa, por lo que pidi\u00f3 vigilar las pol\u00edticas ambientales del pa\u00eds.<\/p>\n\n\n\n<p>\u201cLo que necesita M\u00e9xico no es que se diagnostique (un problema), lo que necesita M\u00e9xico es que se&nbsp;hagan y ejecuten las cosas, el diagn\u00f3stico lo tenemos, hay que actuar y es momento de transformar nuestro pa\u00eds\u201d, asegur\u00f3.<\/p>\n\n\n\n<p>Como oportunidades, agreg\u00f3 que \u201chay otro tipo de turismo que se est\u00e1 dando en M\u00e9xico\u00bb, que es el turismo de aventura y el religioso.<\/p>\n\n\n\n<p>\u00abM\u00e9xico es uno de los lugares en el mundo que m\u00e1s destinos (religiosos) tiene que se pueden visitar, ya sean catedrales o bas\u00edlicas o tienen una actividad religiosa s\u00faper importante, que se encuentran incluso en un cat\u00e1logo\u00bb, dijo.<\/p>\n\n\n\n<p>Tambi\u00e9n adelant\u00f3 que est\u00e1n \u00abtratando de potencializar el turismo de lugares desconocidos\u00bb, es decir, donde los locales llevan a los visitantes a sitios con escasos turistas tradicionales.<\/p>\n\n\n\n<p>Fuente: XEU<\/p>\n","protected":false},"excerpt":{"rendered":"<p>Los empresarios de M\u00e9xico esperan un a\u00f1o \u00abbueno\u00bb para el turismo en el pa\u00eds pese a los retos de seguridad y Estado de derecho, seg\u00fan afirm\u00f3 este lunes Octavio de la Torre de St\u00e9ffano, presidente de la Confederaci\u00f3n de C\u00e1maras Nacionales de Comercio, Servicios y Turismo (Concanaco-Servytur). \u00abEl pron\u00f3stico es bueno, el turismo lo hacemos [&hellip;]<\/p>\n","protected":false},"author":2,"featured_media":127937,"comment_status":"open","ping_status":"open","sticky":false,"template":"","format":"standard","meta":{"footnotes":""},"categories":[59],"tags":[],"class_list":["post-127936","post","type-post","status-publish","format-standard","has-post-thumbnail","hentry","category-destacadas"],"_links":{"self":[{"href":"http:\/\/elcuartopoder.com.mx\/nw\/wp-json\/wp\/v2\/posts\/127936","targetHints":{"allow":["GET"]}}],"collection":[{"href":"http:\/\/elcuartopoder.com.mx\/nw\/wp-json\/wp\/v2\/posts"}],"about":[{"href":"http:\/\/elcuartopoder.com.mx\/nw\/wp-json\/wp\/v2\/types\/post"}],"author":[{"embeddable":true,"href":"http:\/\/elcuartopoder.com.mx\/nw\/wp-json\/wp\/v2\/users\/2"}],"replies":[{"embeddable":true,"href":"http:\/\/elcuartopoder.com.mx\/nw\/wp-json\/wp\/v2\/comments?post=127936"}],"version-history":[{"count":1,"href":"http:\/\/elcuartopoder.com.mx\/nw\/wp-json\/wp\/v2\/posts\/127936\/revisions"}],"predecessor-version":[{"id":127938,"href":"http:\/\/elcuartopoder.com.mx\/nw\/wp-json\/wp\/v2\/posts\/127936\/revisions\/127938"}],"wp:featuredmedia":[{"embeddable":true,"href":"http:\/\/elcuartopoder.com.mx\/nw\/wp-json\/wp\/v2\/media\/127937"}],"wp:attachment":[{"href":"http:\/\/elcuartopoder.com.mx\/nw\/wp-json\/wp\/v2\/media?parent=127936"}],"wp:term":[{"taxonomy":"category","embeddable":true,"href":"http:\/\/elcuartopoder.com.mx\/nw\/wp-json\/wp\/v2\/categories?post=127936"},{"taxonomy":"post_tag","embeddable":true,"href":"http:\/\/elcuartopoder.com.mx\/nw\/wp-json\/wp\/v2\/tags?post=127936"}],"curies":[{"name":"wp","href":"https:\/\/api.w.org\/{rel}","templated":true}]}}