{"id":127940,"date":"2024-04-16T10:24:24","date_gmt":"2024-04-16T15:24:24","guid":{"rendered":"http:\/\/elcuartopoder.com.mx\/nw\/?p=127940"},"modified":"2024-04-16T10:24:26","modified_gmt":"2024-04-16T15:24:26","slug":"el-cambio-que-llega-a-instagram-es-el-mas-grande-de-su-historia","status":"publish","type":"post","link":"http:\/\/elcuartopoder.com.mx\/nw\/entretenimiento\/tecnologia\/el-cambio-que-llega-a-instagram-es-el-mas-grande-de-su-historia\/","title":{"rendered":"El cambio que llega a Instagram: es el m\u00e1s grande de su historia"},"content":{"rendered":"\n<p>A lo largo de los \u00faltimos meses, desde que Meta adquiri\u00f3 Instagram,\u00a0<strong>la &#8216;app&#8217; ha sufrido todo tipo de cambios<\/strong>. Desde la m\u00fasica en los &#8216;posts&#8217; hasta poder fijar fotos en tu perfil\u00a0o jugar a minijuegos, la red social ha ido adapt\u00e1ndose tanto a los retos que la enfrentaban con otras redes (los estados, los reels, etc.) y tambi\u00e9n ha a\u00f1adido todo tipo de funciones propias y nuevas.<\/p>\n\n\n\n<p>Asimismo, se ha preocupado por hacer peque\u00f1os cambios de imagen que, sin perder el esp\u00edritu original de la &#8216;app&#8217;, la ha ido adaptando a los nuevos tiempos.<\/p>\n\n\n\n<p>Uno de los cambios m\u00e1s radicales\u00a0que ha presentado Instagram ha llegado este lunes 15 de abril y\u00a0<strong>afecta directamente a los perfiles tanto privados como p\u00fablicos<\/strong>. Hace tiempo, Instagram permiti\u00f3 que los usarios pudieran acceder a sus archivos tanto de &#8216;posts&#8217; eliminados del &#8216;feed&#8217; como a las historias ya caducadas, pues se borran autom\u00e1ticamente a las 24 horas.<\/p>\n\n\n\n<p>Adem\u00e1s,\u00a0<strong>Instagram permit\u00eda fijar dichas historias<\/strong>, es decir, que cada usuario tuviese carpetas de &#8216;stories&#8217; en su perfil, organizando im\u00e1genes antiguas por categor\u00edas -selfies, viajes, amigos, etc.- que se visualizaban en el perfil justo encima del &#8216;feed&#8217;, y presentadas con una foto redonda, y cada uno pod\u00eda elegir qu\u00e9 foto destacaba en sus carpetas fijadas.<\/p>\n\n\n\n<h3 class=\"wp-block-heading\">Un cambio dr\u00e1stico en el &#8216;feed&#8217;<\/h3>\n\n\n\n<p>A partir de hoy,&nbsp;<strong>esto ya no ser\u00e1 as\u00ed<\/strong>. El cambio que ha presentado Instagram hace que las historias fijadas se vean de otra forma. En vez de visualizarse con fotos redondas y peque\u00f1as (similar al avatar de perfil del usuario), ahora se ven como la propia historia, es decir,&nbsp;<strong>la imagen completa y vertical, ocupando m\u00e1s espacio en el &#8216;feed&#8217;<\/strong>.<\/p>\n\n\n\n<p>Este ha sido\u00a0uno de los muchos cambios que la aplicaci\u00f3n ha introducido\u00a0\u00faltimamente, junto a permitir que dos usuarios compartan el mismo &#8216;post&#8217;, mencionar a otra persona en tu historia sin necesidad de citar su nombre, poder acceder al apartado de la m\u00fasica directamente desde la c\u00e1mara o incluso poder comprar productos desde la &#8216;app&#8217;.<\/p>\n\n\n\n<p>Fuente: ABC<\/p>\n","protected":false},"excerpt":{"rendered":"<p>A lo largo de los \u00faltimos meses, desde que Meta adquiri\u00f3 Instagram,\u00a0la &#8216;app&#8217; ha sufrido todo tipo de cambios. Desde la m\u00fasica en los &#8216;posts&#8217; hasta poder fijar fotos en tu perfil\u00a0o jugar a minijuegos, la red social ha ido adapt\u00e1ndose tanto a los retos que la enfrentaban con otras redes (los estados, los reels, [&hellip;]<\/p>\n","protected":false},"author":2,"featured_media":127941,"comment_status":"open","ping_status":"open","sticky":false,"template":"","format":"standard","meta":{"footnotes":""},"categories":[57],"tags":[],"class_list":["post-127940","post","type-post","status-publish","format-standard","has-post-thumbnail","hentry","category-tecnologia"],"_links":{"self":[{"href":"http:\/\/elcuartopoder.com.mx\/nw\/wp-json\/wp\/v2\/posts\/127940","targetHints":{"allow":["GET"]}}],"collection":[{"href":"http:\/\/elcuartopoder.com.mx\/nw\/wp-json\/wp\/v2\/posts"}],"about":[{"href":"http:\/\/elcuartopoder.com.mx\/nw\/wp-json\/wp\/v2\/types\/post"}],"author":[{"embeddable":true,"href":"http:\/\/elcuartopoder.com.mx\/nw\/wp-json\/wp\/v2\/users\/2"}],"replies":[{"embeddable":true,"href":"http:\/\/elcuartopoder.com.mx\/nw\/wp-json\/wp\/v2\/comments?post=127940"}],"version-history":[{"count":1,"href":"http:\/\/elcuartopoder.com.mx\/nw\/wp-json\/wp\/v2\/posts\/127940\/revisions"}],"predecessor-version":[{"id":127942,"href":"http:\/\/elcuartopoder.com.mx\/nw\/wp-json\/wp\/v2\/posts\/127940\/revisions\/127942"}],"wp:featuredmedia":[{"embeddable":true,"href":"http:\/\/elcuartopoder.com.mx\/nw\/wp-json\/wp\/v2\/media\/127941"}],"wp:attachment":[{"href":"http:\/\/elcuartopoder.com.mx\/nw\/wp-json\/wp\/v2\/media?parent=127940"}],"wp:term":[{"taxonomy":"category","embeddable":true,"href":"http:\/\/elcuartopoder.com.mx\/nw\/wp-json\/wp\/v2\/categories?post=127940"},{"taxonomy":"post_tag","embeddable":true,"href":"http:\/\/elcuartopoder.com.mx\/nw\/wp-json\/wp\/v2\/tags?post=127940"}],"curies":[{"name":"wp","href":"https:\/\/api.w.org\/{rel}","templated":true}]}}