{"id":127943,"date":"2024-04-16T10:30:32","date_gmt":"2024-04-16T15:30:32","guid":{"rendered":"http:\/\/elcuartopoder.com.mx\/nw\/?p=127943"},"modified":"2024-04-16T10:30:34","modified_gmt":"2024-04-16T15:30:34","slug":"nadal-confirma-que-jugara-el-godo-me-lo-tomo-como-mi-ultimo-ano-y-quiero-disfrutar-de-cada-momento","status":"publish","type":"post","link":"http:\/\/elcuartopoder.com.mx\/nw\/entretenimiento\/deportes\/nadal-confirma-que-jugara-el-godo-me-lo-tomo-como-mi-ultimo-ano-y-quiero-disfrutar-de-cada-momento\/","title":{"rendered":"Nadal confirma que jugar\u00e1 el God\u00f3: \u00abMe lo tomo como mi \u00faltimo a\u00f1o y quiero disfrutar de cada momento\u00bb"},"content":{"rendered":"\n<p>Rafa Nadal jugar\u00e1 este martes ante\u00a0<strong>Flavio Cobolli,<\/strong>\u00a0n\u00famero 63 del ranking ATP. El tenista balear lo confirm\u00f3 en una multitudinaria rueda de prensa en la que explic\u00f3 sus sensaciones tras los entrenamientos que ha realizado esta pasada semana con el objetivo de comprobar sus sensaciones. Ser\u00e1 su vuelta al torneo dos a\u00f1os despu\u00e9s del que fuera su \u00faltimo triunfo, en 2021. Adem\u00e1s, se trata de una ocasi\u00f3n especial porque podr\u00eda tratarse de su \u00faltima participaci\u00f3n, cuando debut\u00f3 en el cuadro principal con 16 a\u00f1os, en 2003. \u00abTengo muy buenos recuerdos de este torneo. No he podido estar los \u00faltimos a\u00f1os. Me he probado y aqu\u00ed estoy. Dentro de lo que cabe,\u00a0<strong>la semana ha sido positiva<\/strong>\u00a0y ma\u00f1ana voy a estar en pista\u00bb, ha empezado diciendo.<\/p>\n\n\n\n<p>\u00abTengo sensaciones positivas dentro de c\u00f3mo estoy\u00bb, apunt\u00f3. Y confirm\u00f3 que en estos momentos su retirada est\u00e1 cerca: \u00abNo me hace dudar nada. Se trata de si puedo o no puedo.<strong>&nbsp;Han sido dos a\u00f1os dif\u00edciles<\/strong>, vengo de una operaci\u00f3n de cadera importante. He tardado un a\u00f1o en recuperarme y as\u00ed es dif\u00edcil. Acepto la situaci\u00f3n y cuando se puede se puede y cuando no, pues no. Aunque me duela perderme una serie de torneos, es lo que hay. Para m\u00ed, m\u00e1s que lamentarme de d\u00f3nde no he podido estar prefiero pensar que&nbsp;<strong>es un regalo estar en Barcelona<\/strong>. Me lo tomo como mi \u00faltimo a\u00f1o y quiero disfrutar de cada momento. Me siento preparado para jugar ma\u00f1ana pero soy consciente de la situaci\u00f3n y que voy justo de preparaci\u00f3n\u00bb.<\/p>\n\n\n\n<p>Ganador de 12 torneos Conde de God\u00f3, Nadal se enfrenta a, posiblemente, su \u00faltima participaci\u00f3n en Barcelona, aunque no le da una importancia especial: \u00abNo es que me haya hecho poca ilusi\u00f3n venir otras veces. Todas han sido importantes para m\u00ed. Ha habido muchas que me han dejado buenos recuerdos. Pero<strong>&nbsp;hay un principio y un final en todo<\/strong>. No s\u00e9 qu\u00e9 pasar\u00e1 en el futuro pero me lo tomo como el \u00faltimo. Es mi sensaci\u00f3n ahora. Voy a salir a por todas\u00bb.<\/p>\n\n\n\n<p>Por este motivo, Nadal ha explicado que no ha planificado a\u00fan la temporada: \u00abNo lo puedo encarar de ninguna manera. Ma\u00f1ana tengo un partido y ser\u00e1 el segundo torneo de esta temporada. Empec\u00e9 en enero y no he podido volver hasta ahora, as\u00ed que\u00a0<strong>se me hace dif\u00edcil planificar el futuro<\/strong>. Ha habido muchos d\u00edas malos f\u00edsicamente y eso afecta mentalmente. Pero en otros d\u00edas me sigo divirtiendo jugando a tenis. Estos momentos buenos me compensan otros que son malos. Me lo tomo como una parte de la vida del deportista\u00bb. \u00abSabemos lo que hay, todos los problemas que he ido teniendo. Para qu\u00e9 hablar de ello.\u00a0<strong>Me canso de contar mis penurias<\/strong>\u00a0cuando no tengo motivos para hacerlo. En mi vida siguen pasando muchas cosas buenas, mejor que las cosas malas que van pasando. \u00bfMiedo? \u00bfQu\u00e9 puede pasar? No ser\u00eda nada nuevo\u00bb, a\u00f1adi\u00f3.<\/p>\n\n\n\n<p>Nadal no profundiz\u00f3 en los entrenamientos que ha realizado esta semana. \u00abNo quiero valorar sets de entrenamiento porque son eso, entrenamientos. Pero<strong>\u00a0las sensaciones han sido mejores q<\/strong>ue las que ten\u00eda en Mallorca. Me siento preparado parea jugar y ya veremos lo que pasa. He sacado muy poco en estos meses. Es un poco de incertidumbre y uno tiene que vivir con ello y ser capaz de ver las cosas de una manera positiva y ser capaz de competir y disfrutar\u00bb, apunt\u00f3 antes de valorar la baja de\u00a0Carlos Alcaraz\u00a0por sus problemas en el brazo: \u00abEs negativo, lo primero para \u00e9l. Es un torneo dentro del circuito muy importante para nosotros. Le deseo que se recupere bien y r\u00e1pido. Es una mala noticia para el torneo,\u00a0<strong>perder al n\u00famero uno<\/strong>\u00a0del cuadro, que adem\u00e1s es espa\u00f1ol\u00bb.<\/p>\n\n\n\n<p>Fuente: ABC<\/p>\n","protected":false},"excerpt":{"rendered":"<p>Rafa Nadal jugar\u00e1 este martes ante\u00a0Flavio Cobolli,\u00a0n\u00famero 63 del ranking ATP. El tenista balear lo confirm\u00f3 en una multitudinaria rueda de prensa en la que explic\u00f3 sus sensaciones tras los entrenamientos que ha realizado esta pasada semana con el objetivo de comprobar sus sensaciones. Ser\u00e1 su vuelta al torneo dos a\u00f1os despu\u00e9s del que fuera [&hellip;]<\/p>\n","protected":false},"author":2,"featured_media":127944,"comment_status":"open","ping_status":"open","sticky":false,"template":"","format":"standard","meta":{"footnotes":""},"categories":[7],"tags":[],"class_list":["post-127943","post","type-post","status-publish","format-standard","has-post-thumbnail","hentry","category-deportes"],"_links":{"self":[{"href":"http:\/\/elcuartopoder.com.mx\/nw\/wp-json\/wp\/v2\/posts\/127943","targetHints":{"allow":["GET"]}}],"collection":[{"href":"http:\/\/elcuartopoder.com.mx\/nw\/wp-json\/wp\/v2\/posts"}],"about":[{"href":"http:\/\/elcuartopoder.com.mx\/nw\/wp-json\/wp\/v2\/types\/post"}],"author":[{"embeddable":true,"href":"http:\/\/elcuartopoder.com.mx\/nw\/wp-json\/wp\/v2\/users\/2"}],"replies":[{"embeddable":true,"href":"http:\/\/elcuartopoder.com.mx\/nw\/wp-json\/wp\/v2\/comments?post=127943"}],"version-history":[{"count":1,"href":"http:\/\/elcuartopoder.com.mx\/nw\/wp-json\/wp\/v2\/posts\/127943\/revisions"}],"predecessor-version":[{"id":127945,"href":"http:\/\/elcuartopoder.com.mx\/nw\/wp-json\/wp\/v2\/posts\/127943\/revisions\/127945"}],"wp:featuredmedia":[{"embeddable":true,"href":"http:\/\/elcuartopoder.com.mx\/nw\/wp-json\/wp\/v2\/media\/127944"}],"wp:attachment":[{"href":"http:\/\/elcuartopoder.com.mx\/nw\/wp-json\/wp\/v2\/media?parent=127943"}],"wp:term":[{"taxonomy":"category","embeddable":true,"href":"http:\/\/elcuartopoder.com.mx\/nw\/wp-json\/wp\/v2\/categories?post=127943"},{"taxonomy":"post_tag","embeddable":true,"href":"http:\/\/elcuartopoder.com.mx\/nw\/wp-json\/wp\/v2\/tags?post=127943"}],"curies":[{"name":"wp","href":"https:\/\/api.w.org\/{rel}","templated":true}]}}