{"id":128013,"date":"2024-04-18T09:43:10","date_gmt":"2024-04-18T14:43:10","guid":{"rendered":"http:\/\/elcuartopoder.com.mx\/nw\/?p=128013"},"modified":"2024-04-18T09:43:14","modified_gmt":"2024-04-18T14:43:14","slug":"40-mil-mdp-que-tanto-es-tantito","status":"publish","type":"post","link":"http:\/\/elcuartopoder.com.mx\/nw\/economia\/40-mil-mdp-que-tanto-es-tantito\/","title":{"rendered":"40 mil mdp: \u00bfqu\u00e9 tanto es \u2018tantito\u2019?"},"content":{"rendered":"\n<p>Con m\u00e1s dudas que certezas sobre el plan para tomar los ahorros no reclamados por los trabajadores mayores de 70 a\u00f1os de su cuenta individual de Afore,&nbsp;<strong>la iniciativa&nbsp;<\/strong>de reforma en materia&nbsp;<strong>de pensiones<\/strong>&nbsp;que crea el Fondo de Pensiones para el Bienestar, aprobada el lunes en la Comisi\u00f3n de Seguridad Social de la C\u00e1mara de Diputados,&nbsp;<strong>se discutir\u00e1 y votar\u00e1 en el Pleno de San L\u00e1zaro este mi\u00e9rcoles.<\/strong><\/p>\n\n\n\n<p>La primera pregunta es por qu\u00e9&nbsp;<strong>el 4 de abril se present\u00f3 en la C\u00e1mara de Diputados<\/strong>&nbsp;por parte de los legisladores morenistas Ignacio Mier y Ang\u00e9lica Ivonne Cisneros&nbsp;<strong>esa iniciativa de reforma<\/strong>, s\u00f3lo&nbsp;<strong>dos meses despu\u00e9s de que el Ejecutivo<\/strong>&nbsp;federal&nbsp;<strong>envi\u00f3<\/strong>&nbsp;al Congreso&nbsp;<strong>una propuesta<\/strong>&nbsp;de modificaci\u00f3n<strong>&nbsp;constitucional<\/strong>, que a\u00fan no ha sido aprobada, pr\u00e1cticamente&nbsp;<strong>en los mismos t\u00e9rminos<\/strong>&nbsp;para crear un Fondo de Pensiones para el Bienestar.<\/p>\n\n\n\n<p>De acuerdo con Diego D\u00edaz, coordinador de Finanzas P\u00fablicas del Instituto Mexicano para la Competitividad, aunque ambas iniciativas tienen el prop\u00f3sito com\u00fan de crear un Fondo de Pensiones para el Bienestar, son diferentes y tienen implicaciones distintas.<\/p>\n\n\n\n<p>\u201cPareciera que en el Congreso se anticipan a la posibilidad de que no sea aprobada la reforma constitucional y, por ende, se presenta esta iniciativa de reforma legal, que tiene menos requisitos para ser aprobada, es decir, no se necesita una mayor\u00eda calificada en ambas c\u00e1maras del Congreso ni tampoco una mayor\u00eda en las legislaturas estatales\u201d, dijo el especialista del Imco.<\/p>\n\n\n\n<p>Ayer,&nbsp;<strong>la secretaria de Gobernaci\u00f3n<\/strong>, Luisa Mar\u00eda Alcalde,<strong>&nbsp;reconoci\u00f3&nbsp;<\/strong>que la iniciativa estaba prevista dentro del paquete enviado por el presidente L\u00f3pez Obrador el 5 de febrero, pero&nbsp;<strong>que se modific\u00f3 en d\u00edas recientes&nbsp;<\/strong>para que pasara&nbsp;<strong>de reforma constitucional a legal<\/strong>&nbsp;y pudiera ser aprobada por mayor\u00eda simple.<\/p>\n\n\n\n<p>\u201cDado que no se cuenta con las dos terceras partes (del Congreso), pues entonces se propone que esta reforma pueda ser legal&nbsp;<strong>para que tenga viabilidad<\/strong>&nbsp;en la C\u00e1mara de Diputados y en la de Senadores\u201d, dijo la funcionaria al salir de una reuni\u00f3n con diputados de Morena, PT y Partido Verde.<\/p>\n\n\n\n<p>El Fondo de Pensiones para el Bienestar&nbsp;<strong>dispondr\u00e1 de 40 mil millones de pesos&nbsp;<\/strong>extra\u00eddos de los recursos&nbsp;<strong>de las cuentas no reclamadas en las Afores&nbsp;<\/strong>cuando el trabajador cumpla 70 a\u00f1os si corresponde al IMSS, o 75 a\u00f1os si corresponde al ISSSTE.<\/p>\n\n\n\n<p>Seg\u00fan el texto modificado y aprobado por la Comisi\u00f3n de Seguridad Social, \u201clo anterior no ser\u00e1 aplicable a los recursos de las cuentas individuales de aquellos trabajadores que cuenten con una relaci\u00f3n activa ante el Instituto (Mexicano del Seguro Social)\u201d.<\/p>\n\n\n\n<p>Otra pregunta es por qu\u00e9&nbsp;<strong>se insiste en decir&nbsp;<\/strong>desde el gobierno y el grupo mayoritario en el Congreso&nbsp;<strong>que el Fondo&nbsp;<\/strong>de Pensiones&nbsp;<strong>permitir\u00e1 garantizar el 100 por ciento del \u00faltimo salario<\/strong>&nbsp;de los trabajadores registrados en el IMSS e ISSSTE,&nbsp;<strong>cuando s\u00f3lo podr\u00e1 beneficiar a los<\/strong>&nbsp;que sean&nbsp;<strong>elegibles<\/strong>.<\/p>\n\n\n\n<p>\u201cEl prop\u00f3sito es que contemos en M\u00e9xico con un fondo solidario de pensiones que pueda ser un fondo complementario para que los trabajadores que iniciaron a laboral a partir de 1997 (&#8230;) puedan aspirar a tener, cuando se jubilen, el 100 por ciento de su salario base de cotizaci\u00f3n\u201d, dijo la diputada Cisneros, quien preside la Comisi\u00f3n de Seguridad Social.<\/p>\n\n\n\n<p>El Fondo de Pensiones para el Bienestar busca complementar la pensi\u00f3n de los trabajadores cuya jubilaci\u00f3n sea igual o menor al monto equivalente al salario promedio registrado en el IMSS, que en 2023 fue de 16 mil 361 pesos mensuales.<\/p>\n\n\n\n<p>El Imco advierte que&nbsp;<strong>un inconveniente del Fondo<\/strong>&nbsp;de Pensiones<strong>&nbsp;es que se financiar\u00eda mediante ingresos no recurrentes<\/strong>, generados una sola vez por el Estado mexicano.<\/p>\n\n\n\n<p>Adem\u00e1s de los ahorros no reclamados por los trabajadores mayores de 70 a\u00f1os de su cuenta de Afore, tambi\u00e9n se tomar\u00e1n los recursos de la liquidaci\u00f3n de la Financiera Rural, el 75 por ciento de los recursos obtenidos por el Instituto para Devolver al Pueblo lo Robado, el 25 por ciento de las utilidades de las entidades paraestatales operadas por la Defensa Nacional y la Marina, y los ingresos provenientes de la venta durante 2024 y 2025 de los inmuebles propiedad del ISSSTE.<\/p>\n\n\n\n<p>Al tratarse de ingresos no recurrentes, \u201c<strong>eventualmente se va a agotar el Fondo&nbsp;<\/strong>y no se tendr\u00e1n los recursos suficientes para mantener esta pol\u00edtica y para que ciertos trabajadores contin\u00faen con este apoyo\u201d, apunta Diego D\u00edaz.<\/p>\n\n\n\n<p>Con independencia de lo anterior, no sobra recordar que\u00a0<strong>la reforma implica el uso de recursos privados<\/strong>\u00a0en cuentas individuales de Afores sin reclamar\u00a0<strong>para lograr mejores pensiones de terceros.<\/strong><\/p>\n\n\n\n<p>Fuente: elfinanciero<\/p>\n","protected":false},"excerpt":{"rendered":"<p>Con m\u00e1s dudas que certezas sobre el plan para tomar los ahorros no reclamados por los trabajadores mayores de 70 a\u00f1os de su cuenta individual de Afore,&nbsp;la iniciativa&nbsp;de reforma en materia&nbsp;de pensiones&nbsp;que crea el Fondo de Pensiones para el Bienestar, aprobada el lunes en la Comisi\u00f3n de Seguridad Social de la C\u00e1mara de Diputados,&nbsp;se discutir\u00e1 [&hellip;]<\/p>\n","protected":false},"author":2,"featured_media":128014,"comment_status":"open","ping_status":"open","sticky":false,"template":"","format":"standard","meta":{"footnotes":""},"categories":[1],"tags":[],"class_list":["post-128013","post","type-post","status-publish","format-standard","has-post-thumbnail","hentry","category-economia"],"_links":{"self":[{"href":"http:\/\/elcuartopoder.com.mx\/nw\/wp-json\/wp\/v2\/posts\/128013","targetHints":{"allow":["GET"]}}],"collection":[{"href":"http:\/\/elcuartopoder.com.mx\/nw\/wp-json\/wp\/v2\/posts"}],"about":[{"href":"http:\/\/elcuartopoder.com.mx\/nw\/wp-json\/wp\/v2\/types\/post"}],"author":[{"embeddable":true,"href":"http:\/\/elcuartopoder.com.mx\/nw\/wp-json\/wp\/v2\/users\/2"}],"replies":[{"embeddable":true,"href":"http:\/\/elcuartopoder.com.mx\/nw\/wp-json\/wp\/v2\/comments?post=128013"}],"version-history":[{"count":1,"href":"http:\/\/elcuartopoder.com.mx\/nw\/wp-json\/wp\/v2\/posts\/128013\/revisions"}],"predecessor-version":[{"id":128015,"href":"http:\/\/elcuartopoder.com.mx\/nw\/wp-json\/wp\/v2\/posts\/128013\/revisions\/128015"}],"wp:featuredmedia":[{"embeddable":true,"href":"http:\/\/elcuartopoder.com.mx\/nw\/wp-json\/wp\/v2\/media\/128014"}],"wp:attachment":[{"href":"http:\/\/elcuartopoder.com.mx\/nw\/wp-json\/wp\/v2\/media?parent=128013"}],"wp:term":[{"taxonomy":"category","embeddable":true,"href":"http:\/\/elcuartopoder.com.mx\/nw\/wp-json\/wp\/v2\/categories?post=128013"},{"taxonomy":"post_tag","embeddable":true,"href":"http:\/\/elcuartopoder.com.mx\/nw\/wp-json\/wp\/v2\/tags?post=128013"}],"curies":[{"name":"wp","href":"https:\/\/api.w.org\/{rel}","templated":true}]}}