{"id":128016,"date":"2024-04-18T09:48:35","date_gmt":"2024-04-18T14:48:35","guid":{"rendered":"http:\/\/elcuartopoder.com.mx\/nw\/?p=128016"},"modified":"2024-04-18T09:48:38","modified_gmt":"2024-04-18T14:48:38","slug":"rafa-marquez-el-favorito-para-el-barcelona-esta-en-todas-las-quinielas-para-reemplazar-a-xavi-hernandez","status":"publish","type":"post","link":"http:\/\/elcuartopoder.com.mx\/nw\/entretenimiento\/deportes\/rafa-marquez-el-favorito-para-el-barcelona-esta-en-todas-las-quinielas-para-reemplazar-a-xavi-hernandez\/","title":{"rendered":"Rafa M\u00e1rquez, el favorito para el Barcelona: Est\u00e1 en \u2018todas las quinielas\u2019 para reemplazar a Xavi Hern\u00e1ndez"},"content":{"rendered":"\n<p>El t\u00e9cnico mexicano\u00a0Rafa M\u00e1rquez\u00a0(Zamora de Hidalgo, 1979), que en la actualidad es entrenador del\u00a0<strong>Bar\u00e7a Atl\u00e8tic<\/strong>, equipo filial azulgrana, est\u00e1 en \u201ctodas las quinielas\u201d para sustituir a\u00a0Xavi Hern\u00e1ndez\u00a0en el\u00a0Barcelona\u00a0con vistas a la pr\u00f3xima temporada, seg\u00fan pudo saber EFE de fuentes pr\u00f3ximas a la operaci\u00f3n.<\/p>\n\n\n\n<p>En el seno de la entidad catalana, la&nbsp;<strong>candidatura de M\u00e1rquez<\/strong>&nbsp;se tom\u00f3, desde que a finales de enero Xavi Hern\u00e1ndez anunci\u00f3 su deseo de abandonar el banquillo azulgrana a finales del presente curso, como \u201cuna cuesti\u00f3n natural\u201d, seg\u00fan inform\u00f3 a EFE un portavoz del club catal\u00e1n.<\/p>\n\n\n\n<p>En todo caso, desde el\u00a0FC Barcelona\u00a0\u201caun no se ha activado\u201d la b\u00fasqueda de entrenador para el pr\u00f3ximo curso, algo que solo se producir\u00e1 cuando finalice el curso que es cuando\u00a0Xavi Hern\u00e1ndez tiene previsto abandonar el club, seg\u00fan ha reiterado en diferentes ocasiones.<\/p>\n\n\n\n<p>\u201c<strong>M\u00e1rquez es el aspirante m\u00e1s pr\u00f3ximo<\/strong>, ser\u00e1 uno de los candidatos que se contemplar\u00e1 como opci\u00f3n cuando llegue el momento\u201d, coment\u00f3 la misma fuente.<\/p>\n\n\n\n<hr class=\"wp-block-separator\"\/>\n\n\n\n<h2 class=\"wp-block-heading\">\u00bfQui\u00e9nes son los candidatos para reemplazar a Xavi Hern\u00e1ndez?<\/h2>\n\n\n\n<p>Pese a ello, M\u00e1rquez no es la \u00fanica opci\u00f3n. En el escenario tambi\u00e9n se contempla la posibilidad de otro candidato:\u00a0<strong>el alem\u00e1n Hans Flick<\/strong>. Flick fue entrenador del\u00a0Bayern M\u00fanich\u00a0y seleccionador alem\u00e1n. Sin embargo, todo apunta a que el germano habr\u00eda solicitado un<strong>\u00a0listado de fichajes que no est\u00e1n al alcance<\/strong>\u00a0de la maltrecha econom\u00eda del club catal\u00e1n y eso le resta posibilidades.<\/p>\n\n\n\n<figure class=\"wp-block-image\"><img decoding=\"async\" src=\"https:\/\/www.elfinanciero.com.mx\/resizer\/jZQBNbzWVzVnW7tLy3TLnfR1PTA=\/1440x0\/filters:format(jpg):quality(70)\/cloudfront-us-east-1.images.arcpublishing.com\/elfinanciero\/RHQMQUD4ERDBVPJJKIDKNBNVBI.jpg\" alt=\"\"\/><figcaption>Rafa M\u00e1rquez es uno de los candidatos m\u00e1s fuertes para reemplazar a Xavi Hern\u00e1ndez.&nbsp;(Mexsport)<\/figcaption><\/figure>\n\n\n\n<p>La opci\u00f3n M\u00e1rquez es una apuesta del presidente\u00a0Joan Laporta, que valora, como ocurri\u00f3 en su d\u00eda con\u00a0Pep Guardiola, que el t\u00e9cnico del primer equipo haya pasado por el filial y conozca a los j\u00f3venes jugadores de la entidad.<\/p>\n\n\n\n<p>En la actualidad, el&nbsp;<strong>Bar\u00e7a Atl\u00e8tic es segundo en el grupo<\/strong>&nbsp;I de la Liga de Primera Federaci\u00f3n, a seis puntos del primero -el Deportivo, que es el \u00fanico que tiene por el momento la plaza de ascenso directo- y por lo tanto en plaza de promoci\u00f3n de ascenso.<\/p>\n\n\n\n<h2 class=\"wp-block-heading\">\u00bfQui\u00e9n es Rafa M\u00e1rquez?<\/h2>\n\n\n\n<p>Rafa M\u00e1rquez, todo una instituci\u00f3n en el f\u00fatbol mexicano,<strong>&nbsp;jug\u00f3 entre 2003 y 2010 en el FC Barcelona<\/strong>&nbsp;y consigui\u00f3 dos Ligas de Campeones, cuatro Ligas y una Copa del Rey. Como entrenador se hizo cargo del filial azulgrana en el verano de 2022, donde lleg\u00f3 procedente del banquillo del cadete de la Real Sociedad Deportiva Alcal\u00e1 de Alcal\u00e1 de Henares.<\/p>\n\n\n\n<p>Tras su retirada como futbolista profesional en 2018, M\u00e1rquez desarroll\u00f3 funciones de<strong>\u00a0director Deportivo en el Atlas mexicano<\/strong>, el \u00faltimo equipo en el que jug\u00f3.<\/p>\n\n\n\n<p>Fuente: elfinanciero<\/p>\n","protected":false},"excerpt":{"rendered":"<p>El t\u00e9cnico mexicano\u00a0Rafa M\u00e1rquez\u00a0(Zamora de Hidalgo, 1979), que en la actualidad es entrenador del\u00a0Bar\u00e7a Atl\u00e8tic, equipo filial azulgrana, est\u00e1 en \u201ctodas las quinielas\u201d para sustituir a\u00a0Xavi Hern\u00e1ndez\u00a0en el\u00a0Barcelona\u00a0con vistas a la pr\u00f3xima temporada, seg\u00fan pudo saber EFE de fuentes pr\u00f3ximas a la operaci\u00f3n. En el seno de la entidad catalana, la&nbsp;candidatura de M\u00e1rquez&nbsp;se tom\u00f3, desde [&hellip;]<\/p>\n","protected":false},"author":2,"featured_media":128017,"comment_status":"open","ping_status":"open","sticky":false,"template":"","format":"standard","meta":{"footnotes":""},"categories":[7],"tags":[],"class_list":["post-128016","post","type-post","status-publish","format-standard","has-post-thumbnail","hentry","category-deportes"],"_links":{"self":[{"href":"http:\/\/elcuartopoder.com.mx\/nw\/wp-json\/wp\/v2\/posts\/128016","targetHints":{"allow":["GET"]}}],"collection":[{"href":"http:\/\/elcuartopoder.com.mx\/nw\/wp-json\/wp\/v2\/posts"}],"about":[{"href":"http:\/\/elcuartopoder.com.mx\/nw\/wp-json\/wp\/v2\/types\/post"}],"author":[{"embeddable":true,"href":"http:\/\/elcuartopoder.com.mx\/nw\/wp-json\/wp\/v2\/users\/2"}],"replies":[{"embeddable":true,"href":"http:\/\/elcuartopoder.com.mx\/nw\/wp-json\/wp\/v2\/comments?post=128016"}],"version-history":[{"count":1,"href":"http:\/\/elcuartopoder.com.mx\/nw\/wp-json\/wp\/v2\/posts\/128016\/revisions"}],"predecessor-version":[{"id":128018,"href":"http:\/\/elcuartopoder.com.mx\/nw\/wp-json\/wp\/v2\/posts\/128016\/revisions\/128018"}],"wp:featuredmedia":[{"embeddable":true,"href":"http:\/\/elcuartopoder.com.mx\/nw\/wp-json\/wp\/v2\/media\/128017"}],"wp:attachment":[{"href":"http:\/\/elcuartopoder.com.mx\/nw\/wp-json\/wp\/v2\/media?parent=128016"}],"wp:term":[{"taxonomy":"category","embeddable":true,"href":"http:\/\/elcuartopoder.com.mx\/nw\/wp-json\/wp\/v2\/categories?post=128016"},{"taxonomy":"post_tag","embeddable":true,"href":"http:\/\/elcuartopoder.com.mx\/nw\/wp-json\/wp\/v2\/tags?post=128016"}],"curies":[{"name":"wp","href":"https:\/\/api.w.org\/{rel}","templated":true}]}}