{"id":128264,"date":"2024-04-25T09:07:33","date_gmt":"2024-04-25T14:07:33","guid":{"rendered":"http:\/\/elcuartopoder.com.mx\/nw\/?p=128264"},"modified":"2024-04-25T09:07:37","modified_gmt":"2024-04-25T14:07:37","slug":"reunion-de-coordinacion-ante-lluvias-y-ciclones-tropicales-estados-costeros-2024","status":"publish","type":"post","link":"http:\/\/elcuartopoder.com.mx\/nw\/municipales\/reunion-de-coordinacion-ante-lluvias-y-ciclones-tropicales-estados-costeros-2024\/","title":{"rendered":"REUNI\u00d3N DE COORDINACI\u00d3N ANTE LLUVIAS Y CICLONES TROPICALES-ESTADOS COSTEROS 2024"},"content":{"rendered":"\n<p>Autoridades del Ayuntamiento de Benito Ju\u00e1rez junto con la gobernadora de Quintana Roo y la Coordinadora Nacional de Protecci\u00f3n Civil, llevaron a cabo la Reuni\u00f3n de Coordinaci\u00f3n ante Lluvias y Ciclones Tropicales-Estados Costeros 2024, en la que se dio a conocer el actualizado Protocolo de Actuaci\u00f3n por Amenaza de Hurac\u00e1n en el Territorio Nacional y analizaron las diferentes fases de operatividad en caso de fen\u00f3menos hidrometeorol\u00f3gicos.<\/p>\n\n\n\n<p>El Encargado de Despacho de la Presidencia Municipal inform\u00f3 que en caso de contingencia Canc\u00fan est\u00e1 preparado para garantizar refugio a 25 mil cancunenses y a 50 mil turistas.<\/p>\n\n\n\n<p>Dijo que en Benito Ju\u00e1rez contamos con una amplia experiencia en materia de protecci\u00f3n civil, sin embargo, no nos confiamos y continuamos prepar\u00e1ndonos cada a\u00f1o de la mejor manera.<\/p>\n\n\n\n<p>Inform\u00f3 que en este mes de abril iniciaron en Benito Ju\u00e1rez recorridos de supervisi\u00f3n de refugios anticicl\u00f3nicos en los que participan varias dependencias como son los colegios de Arquitectos, de Ingenieros, corporaciones de seguridad, Sedena, Salud, Marina, Guardia Nacional, Bomberos, Cofepris, Secretar\u00eda de Educaci\u00f3n, Direcci\u00f3n Municipal de Ecolog\u00eda, Servicios P\u00fablicos, Desarrollo Urbano, Desarrollo Social y la Delegaci\u00f3n Alfredo V. Bonfil.<\/p>\n\n\n\n<p>En 2023 se cont\u00f3 en Canc\u00fan con 67 refugios y para esta temporada de huracanes estamos buscando alcanzar los 100 refugios, de la mano con la Secretar\u00eda de Educaci\u00f3n del Estado, de la Secretar\u00eda de Desarrollo Econ\u00f3mico y del DIF-BJ, quienes los administran.<\/p>\n\n\n\n<p>En coordinaci\u00f3n con el sector tur\u00edstico, en 2023, como ejemplo se tuvieron 21 autorefugios con una capacidad de albergar a 11 mil 465 turistas y 98 refugios temporales con una capacidad para 36 mil 164 personas. Para este a\u00f1o, esperamos mantener o superar esta din\u00e1mica. cit\u00f3.<\/p>\n\n\n\n<p>Durante la reuni\u00f3n se analizaron las acciones operativas por cada fase en caso de impacto de un fen\u00f3meno hidrometeorol\u00f3gico y la Coordinadora Nacional de Protecci\u00f3n Civil entreg\u00f3 a las autoridades de los 17 estados costeros el Protocolo de Actuaci\u00f3n por Amenaza de Hurac\u00e1n en el Territorio Nacional, actualizado debido al aumento de la intensidad de estos fen\u00f3menos por el cambio clim\u00e1tico.<\/p>\n\n\n\n<p>La gobernadora de Quintana Roo declar\u00f3 que en Quintana Roo no descansamos, sea temporada de huracanes o no, en trabajar en la cultura de la prevenci\u00f3n en caso de fen\u00f3menos hidrometereol\u00f3gicos.<\/p>\n\n\n\n<p>Record\u00f3 que en plena pandemia, llegaron a Quintana Roo tres tormentas tropicales y dos huracanes; aqu\u00ed todos los d\u00edas trabajamos en materia de la protecci\u00f3n civil, incluso por eso cambiamos el Reglamento de Construcci\u00f3n.<\/p>\n\n\n\n<p>REEL DE MEDIOS REUNI\u00d3N COORDINACI\u00d3N LLUVIAS Y CICLONES:\u00a0<a rel=\"noreferrer noopener\" href=\"https:\/\/we.tl\/t-JmgKvtlHif\" target=\"_blank\">https:\/\/we.tl\/t-JmgKvtlHif<\/a><\/p>\n\n\n\n<figure class=\"wp-block-gallery has-nested-images columns-default is-cropped wp-block-gallery-1 is-layout-flex wp-block-gallery-is-layout-flex\">\n<figure class=\"wp-block-image size-large\"><img loading=\"lazy\" decoding=\"async\" width=\"1024\" height=\"683\" data-id=\"128267\" src=\"http:\/\/elcuartopoder.com.mx\/nw\/wp-content\/uploads\/2024\/04\/foto-01-1024x683.jpeg\" alt=\"\" class=\"wp-image-128267\" srcset=\"http:\/\/elcuartopoder.com.mx\/nw\/wp-content\/uploads\/2024\/04\/foto-01-1024x683.jpeg 1024w, http:\/\/elcuartopoder.com.mx\/nw\/wp-content\/uploads\/2024\/04\/foto-01-300x200.jpeg 300w, http:\/\/elcuartopoder.com.mx\/nw\/wp-content\/uploads\/2024\/04\/foto-01-768x512.jpeg 768w, http:\/\/elcuartopoder.com.mx\/nw\/wp-content\/uploads\/2024\/04\/foto-01-696x464.jpeg 696w, http:\/\/elcuartopoder.com.mx\/nw\/wp-content\/uploads\/2024\/04\/foto-01.jpeg 1280w\" sizes=\"auto, (max-width: 1024px) 100vw, 1024px\" \/><\/figure>\n\n\n\n<figure class=\"wp-block-image size-large\"><img loading=\"lazy\" decoding=\"async\" width=\"1024\" height=\"683\" data-id=\"128265\" src=\"http:\/\/elcuartopoder.com.mx\/nw\/wp-content\/uploads\/2024\/04\/foto-02-1024x683.jpeg\" alt=\"\" class=\"wp-image-128265\" srcset=\"http:\/\/elcuartopoder.com.mx\/nw\/wp-content\/uploads\/2024\/04\/foto-02-1024x683.jpeg 1024w, http:\/\/elcuartopoder.com.mx\/nw\/wp-content\/uploads\/2024\/04\/foto-02-300x200.jpeg 300w, http:\/\/elcuartopoder.com.mx\/nw\/wp-content\/uploads\/2024\/04\/foto-02-768x512.jpeg 768w, http:\/\/elcuartopoder.com.mx\/nw\/wp-content\/uploads\/2024\/04\/foto-02-696x464.jpeg 696w, http:\/\/elcuartopoder.com.mx\/nw\/wp-content\/uploads\/2024\/04\/foto-02.jpeg 1280w\" sizes=\"auto, (max-width: 1024px) 100vw, 1024px\" \/><\/figure>\n\n\n\n<figure class=\"wp-block-image size-large\"><img loading=\"lazy\" decoding=\"async\" width=\"1024\" height=\"682\" data-id=\"128268\" src=\"http:\/\/elcuartopoder.com.mx\/nw\/wp-content\/uploads\/2024\/04\/foto-03-1024x682.jpeg\" alt=\"\" class=\"wp-image-128268\" srcset=\"http:\/\/elcuartopoder.com.mx\/nw\/wp-content\/uploads\/2024\/04\/foto-03-1024x682.jpeg 1024w, http:\/\/elcuartopoder.com.mx\/nw\/wp-content\/uploads\/2024\/04\/foto-03-300x200.jpeg 300w, http:\/\/elcuartopoder.com.mx\/nw\/wp-content\/uploads\/2024\/04\/foto-03-768x512.jpeg 768w, http:\/\/elcuartopoder.com.mx\/nw\/wp-content\/uploads\/2024\/04\/foto-03-696x464.jpeg 696w, http:\/\/elcuartopoder.com.mx\/nw\/wp-content\/uploads\/2024\/04\/foto-03.jpeg 1280w\" sizes=\"auto, (max-width: 1024px) 100vw, 1024px\" \/><\/figure>\n\n\n\n<figure class=\"wp-block-image size-large\"><img loading=\"lazy\" decoding=\"async\" width=\"1024\" height=\"682\" data-id=\"128266\" src=\"http:\/\/elcuartopoder.com.mx\/nw\/wp-content\/uploads\/2024\/04\/foto-04-1024x682.jpeg\" alt=\"\" class=\"wp-image-128266\" srcset=\"http:\/\/elcuartopoder.com.mx\/nw\/wp-content\/uploads\/2024\/04\/foto-04-1024x682.jpeg 1024w, http:\/\/elcuartopoder.com.mx\/nw\/wp-content\/uploads\/2024\/04\/foto-04-300x200.jpeg 300w, http:\/\/elcuartopoder.com.mx\/nw\/wp-content\/uploads\/2024\/04\/foto-04-768x512.jpeg 768w, http:\/\/elcuartopoder.com.mx\/nw\/wp-content\/uploads\/2024\/04\/foto-04-696x464.jpeg 696w, http:\/\/elcuartopoder.com.mx\/nw\/wp-content\/uploads\/2024\/04\/foto-04.jpeg 1280w\" sizes=\"auto, (max-width: 1024px) 100vw, 1024px\" \/><\/figure>\n\n\n\n<figure class=\"wp-block-image size-large\"><img loading=\"lazy\" decoding=\"async\" width=\"1024\" height=\"682\" data-id=\"128269\" src=\"http:\/\/elcuartopoder.com.mx\/nw\/wp-content\/uploads\/2024\/04\/foto-05-1024x682.jpeg\" alt=\"\" class=\"wp-image-128269\" srcset=\"http:\/\/elcuartopoder.com.mx\/nw\/wp-content\/uploads\/2024\/04\/foto-05-1024x682.jpeg 1024w, http:\/\/elcuartopoder.com.mx\/nw\/wp-content\/uploads\/2024\/04\/foto-05-300x200.jpeg 300w, http:\/\/elcuartopoder.com.mx\/nw\/wp-content\/uploads\/2024\/04\/foto-05-768x512.jpeg 768w, http:\/\/elcuartopoder.com.mx\/nw\/wp-content\/uploads\/2024\/04\/foto-05-696x464.jpeg 696w, http:\/\/elcuartopoder.com.mx\/nw\/wp-content\/uploads\/2024\/04\/foto-05.jpeg 1280w\" sizes=\"auto, (max-width: 1024px) 100vw, 1024px\" \/><\/figure>\n\n\n\n<figure class=\"wp-block-image size-large\"><img loading=\"lazy\" decoding=\"async\" width=\"1024\" height=\"682\" data-id=\"128270\" src=\"http:\/\/elcuartopoder.com.mx\/nw\/wp-content\/uploads\/2024\/04\/foto-06-1024x682.jpeg\" alt=\"\" class=\"wp-image-128270\" srcset=\"http:\/\/elcuartopoder.com.mx\/nw\/wp-content\/uploads\/2024\/04\/foto-06-1024x682.jpeg 1024w, http:\/\/elcuartopoder.com.mx\/nw\/wp-content\/uploads\/2024\/04\/foto-06-300x200.jpeg 300w, http:\/\/elcuartopoder.com.mx\/nw\/wp-content\/uploads\/2024\/04\/foto-06-768x512.jpeg 768w, http:\/\/elcuartopoder.com.mx\/nw\/wp-content\/uploads\/2024\/04\/foto-06-696x464.jpeg 696w, http:\/\/elcuartopoder.com.mx\/nw\/wp-content\/uploads\/2024\/04\/foto-06.jpeg 1280w\" sizes=\"auto, (max-width: 1024px) 100vw, 1024px\" \/><\/figure>\n\n\n\n<figure class=\"wp-block-image size-large\"><img loading=\"lazy\" decoding=\"async\" width=\"1024\" height=\"683\" data-id=\"128271\" src=\"http:\/\/elcuartopoder.com.mx\/nw\/wp-content\/uploads\/2024\/04\/foto-07-1024x683.jpeg\" alt=\"\" class=\"wp-image-128271\" srcset=\"http:\/\/elcuartopoder.com.mx\/nw\/wp-content\/uploads\/2024\/04\/foto-07-1024x683.jpeg 1024w, http:\/\/elcuartopoder.com.mx\/nw\/wp-content\/uploads\/2024\/04\/foto-07-300x200.jpeg 300w, http:\/\/elcuartopoder.com.mx\/nw\/wp-content\/uploads\/2024\/04\/foto-07-768x512.jpeg 768w, http:\/\/elcuartopoder.com.mx\/nw\/wp-content\/uploads\/2024\/04\/foto-07-696x464.jpeg 696w, http:\/\/elcuartopoder.com.mx\/nw\/wp-content\/uploads\/2024\/04\/foto-07.jpeg 1280w\" sizes=\"auto, (max-width: 1024px) 100vw, 1024px\" \/><\/figure>\n<\/figure>\n","protected":false},"excerpt":{"rendered":"<p>Autoridades del Ayuntamiento de Benito Ju\u00e1rez junto con la gobernadora de Quintana Roo y la Coordinadora Nacional de Protecci\u00f3n Civil, llevaron a cabo la Reuni\u00f3n de Coordinaci\u00f3n ante Lluvias y Ciclones Tropicales-Estados Costeros 2024, en la que se dio a conocer el actualizado Protocolo de Actuaci\u00f3n por Amenaza de Hurac\u00e1n en el Territorio Nacional y [&hellip;]<\/p>\n","protected":false},"author":2,"featured_media":128268,"comment_status":"open","ping_status":"open","sticky":false,"template":"","format":"standard","meta":{"footnotes":""},"categories":[6],"tags":[],"class_list":["post-128264","post","type-post","status-publish","format-standard","has-post-thumbnail","hentry","category-municipales"],"_links":{"self":[{"href":"http:\/\/elcuartopoder.com.mx\/nw\/wp-json\/wp\/v2\/posts\/128264","targetHints":{"allow":["GET"]}}],"collection":[{"href":"http:\/\/elcuartopoder.com.mx\/nw\/wp-json\/wp\/v2\/posts"}],"about":[{"href":"http:\/\/elcuartopoder.com.mx\/nw\/wp-json\/wp\/v2\/types\/post"}],"author":[{"embeddable":true,"href":"http:\/\/elcuartopoder.com.mx\/nw\/wp-json\/wp\/v2\/users\/2"}],"replies":[{"embeddable":true,"href":"http:\/\/elcuartopoder.com.mx\/nw\/wp-json\/wp\/v2\/comments?post=128264"}],"version-history":[{"count":1,"href":"http:\/\/elcuartopoder.com.mx\/nw\/wp-json\/wp\/v2\/posts\/128264\/revisions"}],"predecessor-version":[{"id":128272,"href":"http:\/\/elcuartopoder.com.mx\/nw\/wp-json\/wp\/v2\/posts\/128264\/revisions\/128272"}],"wp:featuredmedia":[{"embeddable":true,"href":"http:\/\/elcuartopoder.com.mx\/nw\/wp-json\/wp\/v2\/media\/128268"}],"wp:attachment":[{"href":"http:\/\/elcuartopoder.com.mx\/nw\/wp-json\/wp\/v2\/media?parent=128264"}],"wp:term":[{"taxonomy":"category","embeddable":true,"href":"http:\/\/elcuartopoder.com.mx\/nw\/wp-json\/wp\/v2\/categories?post=128264"},{"taxonomy":"post_tag","embeddable":true,"href":"http:\/\/elcuartopoder.com.mx\/nw\/wp-json\/wp\/v2\/tags?post=128264"}],"curies":[{"name":"wp","href":"https:\/\/api.w.org\/{rel}","templated":true}]}}