{"id":128280,"date":"2024-04-26T09:34:47","date_gmt":"2024-04-26T14:34:47","guid":{"rendered":"http:\/\/elcuartopoder.com.mx\/nw\/?p=128280"},"modified":"2024-04-26T09:34:49","modified_gmt":"2024-04-26T14:34:49","slug":"que-siempre-no-xavi-se-queda-en-el-barcelona-hasta-2025","status":"publish","type":"post","link":"http:\/\/elcuartopoder.com.mx\/nw\/entretenimiento\/deportes\/que-siempre-no-xavi-se-queda-en-el-barcelona-hasta-2025\/","title":{"rendered":"Que siempre no: Xavi se queda en el Barcelona hasta 2025"},"content":{"rendered":"\n<p>El entrenador del\u00a0<strong>FC Barcelona, Xavi Hern\u00e1ndez<\/strong>, afirm\u00f3 que la confianza de sus jugadores y la creencia en que su proyecto todav\u00eda no est\u00e1 terminado le hicieron cambiar de opini\u00f3n para seguir al frente del equipo y\u00a0no dejar su puesto como hab\u00eda avanzado a finales de enero.<\/p>\n\n\n\n<p>\u00abPienso que el proyecto no est\u00e1 terminado, pienso que tenemos muchas opciones de que\u00a0el proyecto siga siendo ganador\u00bb, indic\u00f3 Xavi en una rueda de prensa junto al presidente del club,\u00a0<strong>Joan Laporta<\/strong>, horas despu\u00e9s de que la entidad confirmara en la v\u00edspera que seguir\u00eda en su puesto.<\/p>\n\n\n\n<p>\u00abLos jugadores, que son parte muy importante de esta decisi\u00f3n, creen en todo esto y eso me ha hecho cambiar de opini\u00f3n. Y, como rectificar es de sabios, aqu\u00ed estamos\u00bb, a\u00f1adi\u00f3 Xavi, quien asegur\u00f3 sentirse con \u00abtoda la ilusi\u00f3n del mundo\u00bb para continuar.<\/p>\n\n\n\n<h2 class=\"wp-block-heading\">Contrato hasta 2025<\/h2>\n\n\n\n<p>Como apuntaban en las \u00faltimas horas varios medios espa\u00f1oles, el t\u00e9cnico catal\u00e1n, que hab\u00eda renovado hasta 2025 el pasado oto\u00f1o (boreal), acept\u00f3 cumplir su contrato despu\u00e9s de un d\u00eda de reuniones con su presidente Joan Laporta y con el director deportivo del club azulgrana, el portugu\u00e9s Deco.<\/p>\n\n\n\n<p>\u00abNo era un tema de ego, no era un tema de dinero, es un tema de club, yo quiero al Bar\u00e7a. Ayer le dije al presidente: &#8216;Me veo capaz, pienso que hay un proyecto, he hecho debutar a mucha gente joven , tengo la energ\u00eda, tengo las ganas'\u00bb, a\u00f1adi\u00f3 Xavi sobre su cambio de parecer.<\/p>\n\n\n\n<p>\u00abEn enero pens\u00e9 que, a nivel psicol\u00f3gico, f\u00edsico y de club, era la mejor decisi\u00f3n (su marcha). El equipo y el club necesitaban un cambio. No lo hice por ser una persona ego\u00edsta. Seguramente la decisi\u00f3n era equivocada porque ahora pienso lo contrario S\u00e9 que el entorno seguir\u00e1 siendo cruel y desagradable, pero es que no esa era la raz\u00f3n principal por la que anunci\u00e9 que me iba\u00bb, argument\u00f3 el t\u00e9cnico catal\u00e1n, quien se defini\u00f3 como \u00abmuy barcelonista\u00bb.<\/p>\n\n\n\n<p>\u00abPienso que si corregimos detalles estamos muy cerca de conseguir grandes \u00e9xitos\u00bb, reiter\u00f3 un Xavi que neg\u00f3 que hubiera reclamado el a\u00f1o de contrato que le quedaba por cumplir pese a su decisi\u00f3n de marcharse, una versi\u00f3n que corrobor\u00f3 el presidente Laporta, que en varios Momentos de la conferencia de prensa se mostraron euf\u00f3ricos.<\/p>\n\n\n\n<h2 class=\"wp-block-heading\">Laporta euf\u00f3rico<\/h2>\n\n\n\n<p>\u00abApostar por la estabilidad es fundamental para los proyectos\u00bb, indic\u00f3 de su lado insatisfecho Laporta que calific\u00f3 de \u00abmuy buena noticia\u00bb la continuidad de Xavi, de quien dijo que cuenta con toda su \u00abconfianza\u00bb.<\/p>\n\n\n\n<p>\u00abPienso que el equipo que tenemos, que se est\u00e1 consolidando con gente muy joven, combinado con gente con cierta experiencia, necesita esta estabilidad. Estamos en mitad del proyecto\u00bb, explic\u00f3 un Laporta por momentos exultantes.<\/p>\n\n\n\n<p>Pese a que admiti\u00f3 que \u00abperder tiene consecuencias\u00bb y que \u00e9stas llegar\u00e1n a final de temporada, Laporta se mostr\u00f3 muy optimista: \u00abPensamos que esta temporada, pese a no alcanzar los objetivos, s\u00ed tiene cosas positivas. No lo romperemos todo\u00bb.<\/p>\n\n\n\n<p>Y apel\u00f3 a la ilusi\u00f3n que supuestamente se ha generado entre la afici\u00f3n. \u00abNo queremos que se pierda la llama de la ilusi\u00f3n. Es lo que le pido al barcelonismo\u00bb, a\u00f1adi\u00f3 el dirigente.<\/p>\n\n\n\n<p>\u00abEs un orgullo que Xavi siga siendo el entrenador del Bar\u00e7a\u00bb, concluy\u00f3.<\/p>\n\n\n\n<p>Fuente: eleconomista<\/p>\n","protected":false},"excerpt":{"rendered":"<p>El entrenador del\u00a0FC Barcelona, Xavi Hern\u00e1ndez, afirm\u00f3 que la confianza de sus jugadores y la creencia en que su proyecto todav\u00eda no est\u00e1 terminado le hicieron cambiar de opini\u00f3n para seguir al frente del equipo y\u00a0no dejar su puesto como hab\u00eda avanzado a finales de enero. \u00abPienso que el proyecto no est\u00e1 terminado, pienso que [&hellip;]<\/p>\n","protected":false},"author":2,"featured_media":128281,"comment_status":"open","ping_status":"open","sticky":false,"template":"","format":"standard","meta":{"footnotes":""},"categories":[7],"tags":[],"class_list":["post-128280","post","type-post","status-publish","format-standard","has-post-thumbnail","hentry","category-deportes"],"_links":{"self":[{"href":"http:\/\/elcuartopoder.com.mx\/nw\/wp-json\/wp\/v2\/posts\/128280","targetHints":{"allow":["GET"]}}],"collection":[{"href":"http:\/\/elcuartopoder.com.mx\/nw\/wp-json\/wp\/v2\/posts"}],"about":[{"href":"http:\/\/elcuartopoder.com.mx\/nw\/wp-json\/wp\/v2\/types\/post"}],"author":[{"embeddable":true,"href":"http:\/\/elcuartopoder.com.mx\/nw\/wp-json\/wp\/v2\/users\/2"}],"replies":[{"embeddable":true,"href":"http:\/\/elcuartopoder.com.mx\/nw\/wp-json\/wp\/v2\/comments?post=128280"}],"version-history":[{"count":1,"href":"http:\/\/elcuartopoder.com.mx\/nw\/wp-json\/wp\/v2\/posts\/128280\/revisions"}],"predecessor-version":[{"id":128282,"href":"http:\/\/elcuartopoder.com.mx\/nw\/wp-json\/wp\/v2\/posts\/128280\/revisions\/128282"}],"wp:featuredmedia":[{"embeddable":true,"href":"http:\/\/elcuartopoder.com.mx\/nw\/wp-json\/wp\/v2\/media\/128281"}],"wp:attachment":[{"href":"http:\/\/elcuartopoder.com.mx\/nw\/wp-json\/wp\/v2\/media?parent=128280"}],"wp:term":[{"taxonomy":"category","embeddable":true,"href":"http:\/\/elcuartopoder.com.mx\/nw\/wp-json\/wp\/v2\/categories?post=128280"},{"taxonomy":"post_tag","embeddable":true,"href":"http:\/\/elcuartopoder.com.mx\/nw\/wp-json\/wp\/v2\/tags?post=128280"}],"curies":[{"name":"wp","href":"https:\/\/api.w.org\/{rel}","templated":true}]}}