{"id":128360,"date":"2024-04-29T10:14:10","date_gmt":"2024-04-29T15:14:10","guid":{"rendered":"http:\/\/elcuartopoder.com.mx\/nw\/?p=128360"},"modified":"2024-04-29T10:14:13","modified_gmt":"2024-04-29T15:14:13","slug":"ciudad-en-fachas-en-el-olvido-infraestructura-vial-de-los-fraccionamientos-de-cancun","status":"publish","type":"post","link":"http:\/\/elcuartopoder.com.mx\/nw\/municipales\/ciudad-en-fachas-en-el-olvido-infraestructura-vial-de-los-fraccionamientos-de-cancun\/","title":{"rendered":"CIUDAD EN FACHAS: En el olvido, infraestructura vial de los fraccionamientos de Canc\u00fan"},"content":{"rendered":"\n<p><strong><strong>C<\/strong>ANC\u00daN, MX.-<\/strong>&nbsp;En mal estado se encuentra la infraestructura vial de las principales calles y avenidas ubicadas en los fraccionamientos del norte de esta ciudad.En un recorrido realizado esta tarde en estas zonas se pudo constatar el deterioro que presentan muchas se\u00f1al\u00e9ticas, registros y postes, sobre todo en los fraccionamientos Vista Real y Galaxias del Sol, ambos ubicados en la Regi\u00f3n 253.1&nbsp;de 5&nbsp;&nbsp;<\/p>\n\n\n\n<figure class=\"wp-block-image\"><a href=\"https:\/\/noticaribe.com.mx\/wp\/wp-content\/uploads\/2024\/04\/IMG-20240426-WA0259.jpg\"><img decoding=\"async\" src=\"https:\/\/noticaribe.com.mx\/wp\/wp-content\/uploads\/2024\/04\/IMG-20240426-WA0259-745x420.jpg\" alt=\"\"\/><\/a><\/figure>\n\n\n\n<p>&nbsp;&nbsp;&nbsp;&nbsp;Vecinos de estas zonas, sobre todo automovilistas, denunciaron que este mal estado de la infraestructura vial data ya de hace varios a\u00f1os, y sin embargo, ni la autoridad municipal y la desarrolladora Casas Ara se ha hecho cargo de atender esta situaci\u00f3n.Algunos registros, agregaron, representan un aut\u00e9ntico peligro para los transe\u00fantes, pues corren el riesgo de caerse o, bien, sufrir alguna descarga el\u00e9ctrica.Un ejemplo de lo anterior se puede ver en las avenidas Monte Ares, Pe\u00f1a Prieta y Monte Gibraltar.Por lo anterior, vecinos de estas zonas hicieron un llamado a las actuales autoridades municipales y las que est\u00e1n por venir, para que atiendan esta situaci\u00f3n, a fin de evitar alg\u00fan accidente que pudieran lamentar.&nbsp;<strong>(Agencia SIM)<\/strong><\/p>\n","protected":false},"excerpt":{"rendered":"<p>CANC\u00daN, MX.-&nbsp;En mal estado se encuentra la infraestructura vial de las principales calles y avenidas ubicadas en los fraccionamientos del norte de esta ciudad.En un recorrido realizado esta tarde en estas zonas se pudo constatar el deterioro que presentan muchas se\u00f1al\u00e9ticas, registros y postes, sobre todo en los fraccionamientos Vista Real y Galaxias del Sol, [&hellip;]<\/p>\n","protected":false},"author":2,"featured_media":128361,"comment_status":"open","ping_status":"open","sticky":false,"template":"","format":"standard","meta":{"footnotes":""},"categories":[6],"tags":[],"class_list":["post-128360","post","type-post","status-publish","format-standard","has-post-thumbnail","hentry","category-municipales"],"_links":{"self":[{"href":"http:\/\/elcuartopoder.com.mx\/nw\/wp-json\/wp\/v2\/posts\/128360","targetHints":{"allow":["GET"]}}],"collection":[{"href":"http:\/\/elcuartopoder.com.mx\/nw\/wp-json\/wp\/v2\/posts"}],"about":[{"href":"http:\/\/elcuartopoder.com.mx\/nw\/wp-json\/wp\/v2\/types\/post"}],"author":[{"embeddable":true,"href":"http:\/\/elcuartopoder.com.mx\/nw\/wp-json\/wp\/v2\/users\/2"}],"replies":[{"embeddable":true,"href":"http:\/\/elcuartopoder.com.mx\/nw\/wp-json\/wp\/v2\/comments?post=128360"}],"version-history":[{"count":1,"href":"http:\/\/elcuartopoder.com.mx\/nw\/wp-json\/wp\/v2\/posts\/128360\/revisions"}],"predecessor-version":[{"id":128362,"href":"http:\/\/elcuartopoder.com.mx\/nw\/wp-json\/wp\/v2\/posts\/128360\/revisions\/128362"}],"wp:featuredmedia":[{"embeddable":true,"href":"http:\/\/elcuartopoder.com.mx\/nw\/wp-json\/wp\/v2\/media\/128361"}],"wp:attachment":[{"href":"http:\/\/elcuartopoder.com.mx\/nw\/wp-json\/wp\/v2\/media?parent=128360"}],"wp:term":[{"taxonomy":"category","embeddable":true,"href":"http:\/\/elcuartopoder.com.mx\/nw\/wp-json\/wp\/v2\/categories?post=128360"},{"taxonomy":"post_tag","embeddable":true,"href":"http:\/\/elcuartopoder.com.mx\/nw\/wp-json\/wp\/v2\/tags?post=128360"}],"curies":[{"name":"wp","href":"https:\/\/api.w.org\/{rel}","templated":true}]}}