{"id":128390,"date":"2024-04-30T09:10:08","date_gmt":"2024-04-30T14:10:08","guid":{"rendered":"http:\/\/elcuartopoder.com.mx\/nw\/?p=128390"},"modified":"2024-04-30T09:10:12","modified_gmt":"2024-04-30T14:10:12","slug":"se-secan-aguadas-en-comunidad-de-jose-maria-morelos-por-extrema-sequia","status":"publish","type":"post","link":"http:\/\/elcuartopoder.com.mx\/nw\/municipales\/se-secan-aguadas-en-comunidad-de-jose-maria-morelos-por-extrema-sequia\/","title":{"rendered":"Se secan aguadas en comunidad de Jos\u00e9 Mar\u00eda Morelos, por extrema sequ\u00eda"},"content":{"rendered":"\n<p><strong>JOS\u00c9 MAR\u00cdA MORELOS, MX.-<\/strong>\u00a0Debido a la extrema sequ\u00eda, las aguadas de la comunidad de Aguada la Presumida se han secado en su totalidad, lo que mantiene preocupados a los pobladores que por a\u00f1os han utilizado estos reservorios.Entrevistado al respecto, Juan Luis Caamal Segura, habitante de dicha comunidad, indic\u00f3 que las diez aguadas con las que contaban se han secado en su totalidad, por la falta de lluvia.\u201cSe secaron r\u00e1pidamente, como no llovi\u00f3 debidamente a tiempo, el agua se fue r\u00e1pidamente, ahora no tenemos ni para tomar agua de all\u00e1, hay escasez de agua potable tambi\u00e9n, por eso estamos cuidando lo poquito que tenemos\u201d, expres\u00f3.Record\u00f3 que durante 25 a\u00f1os todos los pobladores utilizaban el agua de estas fuentes naturales, sin embargo, ahora est\u00e1n totalmente secas, lo que tambi\u00e9n ha provocado que los animales salvajes se acerquen a los centros poblacionales y a los cultivos en b\u00fasqueda de agua y alimento.\u201cYo creo que va a seguir una situaci\u00f3n m\u00e1s grave, porque cada a\u00f1o se agudiza m\u00e1s la sequ\u00eda\u201d, coment\u00f3 y agreg\u00f3 que en la comunidad est\u00e1n preocupados, ya que no cuentan con zonas de riego, por lo que prev\u00e9n una escasez de alimento.<\/p>\n\n\n\n<p>Fuente: noticaribe<\/p>\n","protected":false},"excerpt":{"rendered":"<p>JOS\u00c9 MAR\u00cdA MORELOS, MX.-\u00a0Debido a la extrema sequ\u00eda, las aguadas de la comunidad de Aguada la Presumida se han secado en su totalidad, lo que mantiene preocupados a los pobladores que por a\u00f1os han utilizado estos reservorios.Entrevistado al respecto, Juan Luis Caamal Segura, habitante de dicha comunidad, indic\u00f3 que las diez aguadas con las que [&hellip;]<\/p>\n","protected":false},"author":2,"featured_media":128391,"comment_status":"open","ping_status":"open","sticky":false,"template":"","format":"standard","meta":{"footnotes":""},"categories":[6],"tags":[],"class_list":["post-128390","post","type-post","status-publish","format-standard","has-post-thumbnail","hentry","category-municipales"],"_links":{"self":[{"href":"http:\/\/elcuartopoder.com.mx\/nw\/wp-json\/wp\/v2\/posts\/128390","targetHints":{"allow":["GET"]}}],"collection":[{"href":"http:\/\/elcuartopoder.com.mx\/nw\/wp-json\/wp\/v2\/posts"}],"about":[{"href":"http:\/\/elcuartopoder.com.mx\/nw\/wp-json\/wp\/v2\/types\/post"}],"author":[{"embeddable":true,"href":"http:\/\/elcuartopoder.com.mx\/nw\/wp-json\/wp\/v2\/users\/2"}],"replies":[{"embeddable":true,"href":"http:\/\/elcuartopoder.com.mx\/nw\/wp-json\/wp\/v2\/comments?post=128390"}],"version-history":[{"count":1,"href":"http:\/\/elcuartopoder.com.mx\/nw\/wp-json\/wp\/v2\/posts\/128390\/revisions"}],"predecessor-version":[{"id":128392,"href":"http:\/\/elcuartopoder.com.mx\/nw\/wp-json\/wp\/v2\/posts\/128390\/revisions\/128392"}],"wp:featuredmedia":[{"embeddable":true,"href":"http:\/\/elcuartopoder.com.mx\/nw\/wp-json\/wp\/v2\/media\/128391"}],"wp:attachment":[{"href":"http:\/\/elcuartopoder.com.mx\/nw\/wp-json\/wp\/v2\/media?parent=128390"}],"wp:term":[{"taxonomy":"category","embeddable":true,"href":"http:\/\/elcuartopoder.com.mx\/nw\/wp-json\/wp\/v2\/categories?post=128390"},{"taxonomy":"post_tag","embeddable":true,"href":"http:\/\/elcuartopoder.com.mx\/nw\/wp-json\/wp\/v2\/tags?post=128390"}],"curies":[{"name":"wp","href":"https:\/\/api.w.org\/{rel}","templated":true}]}}