{"id":128399,"date":"2024-04-30T09:20:24","date_gmt":"2024-04-30T14:20:24","guid":{"rendered":"http:\/\/elcuartopoder.com.mx\/nw\/?p=128399"},"modified":"2024-04-30T09:20:26","modified_gmt":"2024-04-30T14:20:26","slug":"de-la-fiesta-a-las-playas-de-cancun-turistas-y-locales-no-se-llevan-su-basura","status":"publish","type":"post","link":"http:\/\/elcuartopoder.com.mx\/nw\/municipales\/de-la-fiesta-a-las-playas-de-cancun-turistas-y-locales-no-se-llevan-su-basura\/","title":{"rendered":"De la fiesta a las playas de Canc\u00fan: turistas y locales no se llevan su basura"},"content":{"rendered":"\n<p>Los art\u00edculos usados principalmente en festejos o fiestas son los que m\u00e1s contaminan&nbsp;<strong>las playas de Canc\u00fan<\/strong>, donde se han encontrado restos de platos, bolsas de papas, botellas y latas de cerveza que la gente abandona.<\/p>\n\n\n\n<p>Daniel Gustavo Rodr\u00edguez Lozano, presidente de la asociaci\u00f3n Snorkeling for Trash, se\u00f1al\u00f3 que tras intervenir en las playas Gaviota Azul, Delfines, Tortugas, Langosta, y San Miguelito durante este 2024, las&nbsp;<strong>botellas y latas de cerveza han representado m\u00e1s de 40%<\/strong>&nbsp;de todos los residuos que se sacan de los arenales.<\/p>\n\n\n\n<p>Ayer se comprob\u00f3 esto nuevamente durante una jornada de saneamiento de playa Gaviota Azul, donde de 80 kilos de basura encontrados en la zona federal, m\u00e1s del 37% eran cosas para cerveza, lo cual es frecuente encontrar en fiestas.<\/p>\n\n\n\n<blockquote class=\"wp-block-quote is-layout-flow wp-block-quote-is-layout-flow\"><p>\u201cLimpiamos de la entrada de playa Forum, del pasillo de acceso hasta donde est\u00e1 la roca ic\u00f3nica de Canc\u00fan. En la roca hab\u00eda mucha, la gente siempre ah\u00ed como que se sienta a darse la fiesta y eso, pero la verdad hab\u00eda en general en toda la playa\u201d,<\/p><\/blockquote>\n\n\n\n<p>dijo.<\/p>\n\n\n\n<p>Se generan durante todo el d\u00eda, pero&nbsp;<strong>a partir de las tres de la tarde<\/strong>&nbsp;es cuando la mayor\u00eda llega a playas<\/p>\n\n\n\n<blockquote class=\"wp-block-quote is-layout-flow wp-block-quote-is-layout-flow\"><p>\u201cSi llega al mar (el vidrio), se llena de agua y se convierten en objetos pesados que las corrientes mueven, pueden golpear arrecifes, pueden romper vida marina, y al final no es donde debe estar. Las latas de aluminio se van degradando con el agua salada, y esos residuos se integran al mar\u201d, explic\u00f3.<\/p><\/blockquote>\n\n\n\n<p>Asimismo, Rodr\u00edguez Lozano mencion\u00f3 que&nbsp;<strong>se ha encontrado al menos un animal atrapado<\/strong>&nbsp;en estos materiales, durante anteriores limpiezas de playa:<\/p>\n\n\n\n<blockquote class=\"wp-block-quote is-layout-flow wp-block-quote-is-layout-flow\"><p>\u201cTenemos un proyecto junto con las cerveceras (\u2026) que es para poner una especie de centros de transferencia en las playas, y otorgarle un lugar digno a los pepenadores como parte de su responsabilidad de los envases\u201d.<\/p><\/blockquote>\n\n\n\n<p>El entrevistado aclar\u00f3 que el proyecto se va a presentar esta semana, y consiste en que en las playas se coloquen espacios de separaci\u00f3n para los recolectores de basura, para recuperar de la basura depositada en contenedores de las playas aquellas botellas de vidrio y latas de aluminio.<\/p>\n\n\n\n<blockquote class=\"wp-block-quote is-layout-flow wp-block-quote-is-layout-flow\"><p>\u201cNecesitamos un presupuesto, permisos, todav\u00eda falta mucha chamba\u201d, coment\u00f3.<\/p><\/blockquote>\n\n\n\n<p>Por otra parte, para el resto del a\u00f1o se pretende hacer una limpieza en playas de Canc\u00fan al mes.<\/p>\n\n\n\n<p>En la \u00faltima limpieza de&nbsp;<strong>Snorkeling for Trash participaron alrededor de 20 personas<\/strong>, pet, un solo uso, latas de aluminio, cristal, y cart\u00f3n.<\/p>\n\n\n\n<p>Seg\u00fan informaci\u00f3n de la Direcci\u00f3n de Zona Federal Mar\u00edtimo Terrestre, durante el 2023 se sacaron de las playas a cargo del Ayuntamiento de Benito Ju\u00e1rez&nbsp;<strong>457.28 toneladas de residuos s\u00f3lidos<\/strong><\/p>\n\n\n\n<p>Seg\u00fan las estimaciones de asociaciones, m\u00e1s del 30% de esta cantidad ser\u00edan vidrios y latas de aluminio.<\/p>\n\n\n\n<p>Fuente: SIPSE<\/p>\n","protected":false},"excerpt":{"rendered":"<p>Los art\u00edculos usados principalmente en festejos o fiestas son los que m\u00e1s contaminan&nbsp;las playas de Canc\u00fan, donde se han encontrado restos de platos, bolsas de papas, botellas y latas de cerveza que la gente abandona. Daniel Gustavo Rodr\u00edguez Lozano, presidente de la asociaci\u00f3n Snorkeling for Trash, se\u00f1al\u00f3 que tras intervenir en las playas Gaviota Azul, [&hellip;]<\/p>\n","protected":false},"author":2,"featured_media":128400,"comment_status":"open","ping_status":"open","sticky":false,"template":"","format":"standard","meta":{"footnotes":""},"categories":[6],"tags":[],"class_list":["post-128399","post","type-post","status-publish","format-standard","has-post-thumbnail","hentry","category-municipales"],"_links":{"self":[{"href":"http:\/\/elcuartopoder.com.mx\/nw\/wp-json\/wp\/v2\/posts\/128399","targetHints":{"allow":["GET"]}}],"collection":[{"href":"http:\/\/elcuartopoder.com.mx\/nw\/wp-json\/wp\/v2\/posts"}],"about":[{"href":"http:\/\/elcuartopoder.com.mx\/nw\/wp-json\/wp\/v2\/types\/post"}],"author":[{"embeddable":true,"href":"http:\/\/elcuartopoder.com.mx\/nw\/wp-json\/wp\/v2\/users\/2"}],"replies":[{"embeddable":true,"href":"http:\/\/elcuartopoder.com.mx\/nw\/wp-json\/wp\/v2\/comments?post=128399"}],"version-history":[{"count":1,"href":"http:\/\/elcuartopoder.com.mx\/nw\/wp-json\/wp\/v2\/posts\/128399\/revisions"}],"predecessor-version":[{"id":128401,"href":"http:\/\/elcuartopoder.com.mx\/nw\/wp-json\/wp\/v2\/posts\/128399\/revisions\/128401"}],"wp:featuredmedia":[{"embeddable":true,"href":"http:\/\/elcuartopoder.com.mx\/nw\/wp-json\/wp\/v2\/media\/128400"}],"wp:attachment":[{"href":"http:\/\/elcuartopoder.com.mx\/nw\/wp-json\/wp\/v2\/media?parent=128399"}],"wp:term":[{"taxonomy":"category","embeddable":true,"href":"http:\/\/elcuartopoder.com.mx\/nw\/wp-json\/wp\/v2\/categories?post=128399"},{"taxonomy":"post_tag","embeddable":true,"href":"http:\/\/elcuartopoder.com.mx\/nw\/wp-json\/wp\/v2\/tags?post=128399"}],"curies":[{"name":"wp","href":"https:\/\/api.w.org\/{rel}","templated":true}]}}