{"id":128425,"date":"2024-05-01T10:38:16","date_gmt":"2024-05-01T15:38:16","guid":{"rendered":"http:\/\/elcuartopoder.com.mx\/nw\/?p=128425"},"modified":"2024-05-01T10:38:18","modified_gmt":"2024-05-01T15:38:18","slug":"la-nueva-vida-de-antonio-banderas-en-madrid-amor-atico-de-lujo-y-proyectos","status":"publish","type":"post","link":"http:\/\/elcuartopoder.com.mx\/nw\/entretenimiento\/espectaculos\/la-nueva-vida-de-antonio-banderas-en-madrid-amor-atico-de-lujo-y-proyectos\/","title":{"rendered":"La nueva vida de Antonio Banderas en Madrid: amor, \u00e1tico de lujo y proyectos"},"content":{"rendered":"\n<p>Pocas carreras hay tan s\u00f3lidas\u00a0como la de Antonio Banderas, uno de los actores espa\u00f1oles m\u00e1s internacionales y de m\u00e1s larga trayectoria. Y, como otros tantos colegas de profesi\u00f3n, ha decidido adquirir<strong>\u00a0un piso en Madrid<\/strong>. No se trata de una vivienda cualquiera\u2026<\/p>\n\n\n\n<p>Parece que en Hollywood est\u00e1 de moda comprarse algo en Espa\u00f1a y pasar largas temporadas. Si el lunes se sab\u00eda que\u00a0Eva Longoria\u00a0prepara las maletas para trasladarse a Marbella y que hace tiempo que\u00a0<strong>Richard Gere y Amber Heard<\/strong>\u00a0tienen Madrid como residencia, ahora se conoce que Antonio Banderas les acompa\u00f1a en su viaje.<\/p>\n\n\n\n<p>Seg\u00fan publica la revista &#8216;Lecturas&#8217;,\u00a0Antonio Banderas\u00a0ha puesto fin a sus noches de hotel en Madrid. \u00abEl actor, que desde hace a\u00f1os reside en M\u00e1laga pero pasa mucho tiempo en la capital por cuestiones profesionales, se ha comprado un lujoso \u00e1tico en la Milla de Oro con unas\u00a0<strong>incre\u00edbles vistas al parque de El Retiro<\/strong>\u00bb, destaca.<\/p>\n\n\n\n<p>El actor andaluz estar\u00eda disfrutando desde hace unos meses de su particular escondite madrile\u00f1o, puesto a su gusto,&nbsp;<strong>junto a la bella y discreta Nicole Kimpel<\/strong>, con quien forma una pareja que a la vista de todos parece perfecta.<\/p>\n\n\n\n<h3 class=\"wp-block-heading\">Los detalles de su nueva vivienda en Madrid<\/h3>\n\n\n\n<p>Su nueva propiedad es un impresionante \u00e1tico emplazado en la c\u00e9ntrica calle Alberto Bosch, en un edificio casi centenario que tuvo una reforma completa en 2004. La vivienda, que en principio estar\u00eda destinada para estancias temporales, no es tan grande como se podr\u00eda presumir, pues&nbsp;<strong>t<\/strong><strong>iene 80 metros cuadrados \u00fatiles<\/strong>, pero cuenta con una&nbsp;<strong>impresionante terraza<\/strong>&nbsp;de 20 metros cuadrados. Como extra, tambi\u00e9n posee un trastero en la planta baja.<\/p>\n\n\n\n<p>Antonio Banderas no ha elegido cualquier lugar para encontrar el piso de sus sue\u00f1os en la capital de Espa\u00f1a. El precio medio del metro cuadrado en la zona se acerca a los 10.000 euros, por lo que la vivienda podr\u00eda estar valorada en un mill\u00f3n y medio de euros. Se trata de la zona m\u00e1s cara y exclusiva de Madrid. Y\u00a0<strong>estar\u00e1 m\u00e1s cerca de su amiga Pen\u00e9lope Cruz y su marido, Javier Bardem<\/strong>, tambi\u00e9n residentes en Madrid.<\/p>\n\n\n\n<p>No cabe duda de que Antonio Banderas cuenta con un&nbsp;<strong>patrimonio significativo<\/strong>&nbsp;que no deja de aumentar y su inversi\u00f3n inmobiliaria as\u00ed lo atestigua. La nueva adquisici\u00f3n se suma a sus dos propiedades en M\u00e1laga.<\/p>\n\n\n\n<p>La primera es La Gaviota, una villa situada en su querida Marbella que compr\u00f3 en 1997, mientras estaba casado todav\u00eda con Melanie Griffith y una propiedad que en su d\u00eda perteneci\u00f3 en su d\u00eda a Encarna S\u00e1nchez.&nbsp;<strong>All\u00ed pas\u00f3 el confinamiento sin Nicole<\/strong>, que qued\u00f3 atrapada en Suiza por el estado de alarma. La otra es otro \u00e1tico, esta vez en pleno centro de M\u00e1laga, que adquiri\u00f3 en 2014.<\/p>\n\n\n\n<h3 class=\"wp-block-heading\">Un espacio para preparar nuevos proyectos<\/h3>\n\n\n\n<p>Durante estos a\u00f1os, Antonio Banderas ha estado viviendo a caballo entre estas dos propiedades desde que, como tantos compa\u00f1eros de profesi\u00f3n,&nbsp;<strong>decidi\u00f3 alejarse del ruido de Hollywood<\/strong>&nbsp;y despu\u00e9s de una breve etapa en las afueras de Londres, donde se instal\u00f3 para estudiar moda en la escuela Central Saint Martins.<\/p>\n\n\n\n<p>Con la compra de su nuevo \u00e1tico en Madrid, Antonio Banderas a\u00f1ade un espacio m\u00e1s para vivir el amor con su actual pareja y preparar en&nbsp;<strong>absoluta calma<\/strong>&nbsp;los muchos proyectos que saldr\u00e1n a la luz en los pr\u00f3ximos meses.<\/p>\n\n\n\n<p>El pr\u00f3ximo 6 de junio estrenar\u00e1 en su teatro el musical &#8216;<strong>Tocando nuestra canci\u00f3n<\/strong>&#8216;, una nueva apuesta del actor como director y productor que estar\u00e1 protagonizada por Miquel Fern\u00e1ndez y Mar\u00eda Adamuz. Es un espect\u00e1culo de humor sobre las relaciones.<\/p>\n\n\n\n<p>Para esta primavera tambi\u00e9n tiene prevista la apertura del proyecto de la&nbsp;<strong>Sohrlin Andaluc\u00eda<\/strong>, un espacio dedicado a la formaci\u00f3n de profesionales en el \u00e1mbito de las artes esc\u00e9nicas y para desarrollar espect\u00e1culos de peque\u00f1o, mediano y gran formato. Y, por descontado, preparar\u00e1&nbsp;<strong>nuevos papeles cinematogr\u00e1ficos<\/strong>. Est\u00e1 que no para.<\/p>\n","protected":false},"excerpt":{"rendered":"<p>Pocas carreras hay tan s\u00f3lidas\u00a0como la de Antonio Banderas, uno de los actores espa\u00f1oles m\u00e1s internacionales y de m\u00e1s larga trayectoria. Y, como otros tantos colegas de profesi\u00f3n, ha decidido adquirir\u00a0un piso en Madrid. No se trata de una vivienda cualquiera\u2026 Parece que en Hollywood est\u00e1 de moda comprarse algo en Espa\u00f1a y pasar largas [&hellip;]<\/p>\n","protected":false},"author":2,"featured_media":128426,"comment_status":"open","ping_status":"open","sticky":false,"template":"","format":"standard","meta":{"footnotes":""},"categories":[11],"tags":[],"class_list":["post-128425","post","type-post","status-publish","format-standard","has-post-thumbnail","hentry","category-espectaculos"],"_links":{"self":[{"href":"http:\/\/elcuartopoder.com.mx\/nw\/wp-json\/wp\/v2\/posts\/128425","targetHints":{"allow":["GET"]}}],"collection":[{"href":"http:\/\/elcuartopoder.com.mx\/nw\/wp-json\/wp\/v2\/posts"}],"about":[{"href":"http:\/\/elcuartopoder.com.mx\/nw\/wp-json\/wp\/v2\/types\/post"}],"author":[{"embeddable":true,"href":"http:\/\/elcuartopoder.com.mx\/nw\/wp-json\/wp\/v2\/users\/2"}],"replies":[{"embeddable":true,"href":"http:\/\/elcuartopoder.com.mx\/nw\/wp-json\/wp\/v2\/comments?post=128425"}],"version-history":[{"count":1,"href":"http:\/\/elcuartopoder.com.mx\/nw\/wp-json\/wp\/v2\/posts\/128425\/revisions"}],"predecessor-version":[{"id":128427,"href":"http:\/\/elcuartopoder.com.mx\/nw\/wp-json\/wp\/v2\/posts\/128425\/revisions\/128427"}],"wp:featuredmedia":[{"embeddable":true,"href":"http:\/\/elcuartopoder.com.mx\/nw\/wp-json\/wp\/v2\/media\/128426"}],"wp:attachment":[{"href":"http:\/\/elcuartopoder.com.mx\/nw\/wp-json\/wp\/v2\/media?parent=128425"}],"wp:term":[{"taxonomy":"category","embeddable":true,"href":"http:\/\/elcuartopoder.com.mx\/nw\/wp-json\/wp\/v2\/categories?post=128425"},{"taxonomy":"post_tag","embeddable":true,"href":"http:\/\/elcuartopoder.com.mx\/nw\/wp-json\/wp\/v2\/tags?post=128425"}],"curies":[{"name":"wp","href":"https:\/\/api.w.org\/{rel}","templated":true}]}}