{"id":128943,"date":"2024-05-17T10:08:36","date_gmt":"2024-05-17T15:08:36","guid":{"rendered":"http:\/\/elcuartopoder.com.mx\/nw\/?p=128943"},"modified":"2024-05-17T10:08:40","modified_gmt":"2024-05-17T15:08:40","slug":"cofepris-alerta-comercializacion-ilegal-de-reductil-farmaco-utilizado-para-la-perdida-de-peso","status":"publish","type":"post","link":"http:\/\/elcuartopoder.com.mx\/nw\/entretenimiento\/salud\/cofepris-alerta-comercializacion-ilegal-de-reductil-farmaco-utilizado-para-la-perdida-de-peso\/","title":{"rendered":"Cofepris alerta comercializaci\u00f3n ilegal de Reductil, f\u00e1rmaco utilizado para la p\u00e9rdida de peso"},"content":{"rendered":"\n<p><strong>CIUDAD DE M\u00c9XICO, MX.-<\/strong>\u00a0La Comisi\u00f3n Federal para la Protecci\u00f3n contra Riesgos Sanitarios (Cofepris) emiti\u00f3 una alerta a la poblaci\u00f3n para que no compre el producto Reductil, el cual contiene sibutramina. El uso de la sustancia est\u00e1 prohibida desde 2010 por los efectos adversos que provoca. Se indicaba para bajar de peso.<\/p>\n\n\n\n<p>El laboratorio farmac\u00e9utico Novo Nordisk M\u00e9xico inform\u00f3 a la agencia sanitaria que identific\u00f3 la comercializaci\u00f3n de dicha mercanc\u00eda en el pa\u00eds, a trav\u00e9s de redes sociales y la empresa aclar\u00f3 que no fabrica ni distribuye dicho producto.<\/p>\n\n\n\n<p>La Cofepris record\u00f3 que junto con la Agencia Europea de Medicamentos (EMA, por sus siglas en ingl\u00e9s) y la Administraci\u00f3n de Alimentos y Medicamentos (FDA), se tom\u00f3 la decisi\u00f3n de prohibir el uso de sibutramina hace 14 a\u00f1os por los problemas que generaba en las personas, entre otros, aumento significativo de la presi\u00f3n arterial y las pulsaciones del coraz\u00f3n. Esto incrementa el riesgo en pacientes con antecedentes de cardiopat\u00edas, insuficiencia cardiaca, arritmias o derrames cerebrales.<\/p>\n\n\n\n<p>Adem\u00e1s, se identific\u00f3 que la sibutramina puede interactuar de manera negativa con otros medicamentos, lo que pone en peligro la vida de quienes la consumen.<\/p>\n\n\n\n<p>El organismo recomend\u00f3 a la poblaci\u00f3n evitar la compra de productos como Reductil en cualquiera de sus presentaciones.<\/p>\n\n\n\n<p>En caso de tener informaci\u00f3n sobre su venta, las personas pueden presentar la denuncia a trav\u00e9s de la liga: denuncia sanitaria, en el tel\u00e9fono 800 033 5050 o de manera presencial en alguno de los centros integrales de servicios que se encuentran en las oficinas de las \u00c1reas de Protecci\u00f3n Contra Riesgos Sanitarios (APCRS) en las 32 entidades federativas. (Fuente:\u00a0<strong>La Jornada<\/strong>)<\/p>\n","protected":false},"excerpt":{"rendered":"<p>CIUDAD DE M\u00c9XICO, MX.-\u00a0La Comisi\u00f3n Federal para la Protecci\u00f3n contra Riesgos Sanitarios (Cofepris) emiti\u00f3 una alerta a la poblaci\u00f3n para que no compre el producto Reductil, el cual contiene sibutramina. El uso de la sustancia est\u00e1 prohibida desde 2010 por los efectos adversos que provoca. Se indicaba para bajar de peso. El laboratorio farmac\u00e9utico Novo [&hellip;]<\/p>\n","protected":false},"author":2,"featured_media":128944,"comment_status":"open","ping_status":"open","sticky":false,"template":"","format":"standard","meta":{"footnotes":""},"categories":[56],"tags":[],"class_list":["post-128943","post","type-post","status-publish","format-standard","has-post-thumbnail","hentry","category-salud"],"_links":{"self":[{"href":"http:\/\/elcuartopoder.com.mx\/nw\/wp-json\/wp\/v2\/posts\/128943","targetHints":{"allow":["GET"]}}],"collection":[{"href":"http:\/\/elcuartopoder.com.mx\/nw\/wp-json\/wp\/v2\/posts"}],"about":[{"href":"http:\/\/elcuartopoder.com.mx\/nw\/wp-json\/wp\/v2\/types\/post"}],"author":[{"embeddable":true,"href":"http:\/\/elcuartopoder.com.mx\/nw\/wp-json\/wp\/v2\/users\/2"}],"replies":[{"embeddable":true,"href":"http:\/\/elcuartopoder.com.mx\/nw\/wp-json\/wp\/v2\/comments?post=128943"}],"version-history":[{"count":1,"href":"http:\/\/elcuartopoder.com.mx\/nw\/wp-json\/wp\/v2\/posts\/128943\/revisions"}],"predecessor-version":[{"id":128945,"href":"http:\/\/elcuartopoder.com.mx\/nw\/wp-json\/wp\/v2\/posts\/128943\/revisions\/128945"}],"wp:featuredmedia":[{"embeddable":true,"href":"http:\/\/elcuartopoder.com.mx\/nw\/wp-json\/wp\/v2\/media\/128944"}],"wp:attachment":[{"href":"http:\/\/elcuartopoder.com.mx\/nw\/wp-json\/wp\/v2\/media?parent=128943"}],"wp:term":[{"taxonomy":"category","embeddable":true,"href":"http:\/\/elcuartopoder.com.mx\/nw\/wp-json\/wp\/v2\/categories?post=128943"},{"taxonomy":"post_tag","embeddable":true,"href":"http:\/\/elcuartopoder.com.mx\/nw\/wp-json\/wp\/v2\/tags?post=128943"}],"curies":[{"name":"wp","href":"https:\/\/api.w.org\/{rel}","templated":true}]}}