{"id":128946,"date":"2024-05-17T10:13:02","date_gmt":"2024-05-17T15:13:02","guid":{"rendered":"http:\/\/elcuartopoder.com.mx\/nw\/?p=128946"},"modified":"2024-05-17T10:13:06","modified_gmt":"2024-05-17T15:13:06","slug":"observatorio-legislativo-pide-a-mara-lezama-frenar-o-vetar-decreto-de-abrogacion-de-ley-de-imagen-institucional","status":"publish","type":"post","link":"http:\/\/elcuartopoder.com.mx\/nw\/estatales\/observatorio-legislativo-pide-a-mara-lezama-frenar-o-vetar-decreto-de-abrogacion-de-ley-de-imagen-institucional\/","title":{"rendered":"Observatorio Legislativo pide a Mara Lezama frenar o vetar Decreto de abrogaci\u00f3n de Ley de Imagen Institucional"},"content":{"rendered":"\n<p><strong>C<\/strong><strong>ANC\u00daN, MX.-<\/strong>&nbsp;Luego que el Congreso local abrog\u00f3 la Ley de Imagen Institucional, el Observatorio Legislativo Quintana Roo AC pidi\u00f3 a la gobernadora, Mara Lezama, detenga la publicaci\u00f3n del Decreto en el Peri\u00f3dico Oficial del Estado (POE), o bien, aplique el veto.<\/p>\n\n\n\n<p>&nbsp;Y es que el pasado martes, en \u201cfast track\u201d, la XVII Legislatura de mayor\u00eda Morena, Partido Verde y PT, aprob\u00f3 la abolici\u00f3n de dicha Ley cuyo transitorio Primero, fracciones b) y c), entrar\u00edan en vigor a partir de este mes de agosto.<\/p>\n\n\n\n<p>&nbsp;A trav\u00e9s de un comunicado de prensa, el Observatorio Legislativo consider\u00f3 ocioso que Morena introdujera la iniciativa de abrogaci\u00f3n, ya que la normatividad para su cumplimiento se encuentra establecida en el Art\u00edculo 166 bis de la Constituci\u00f3n de Quintana Roo, sin embargo, aclar\u00f3 que con esta decisi\u00f3n existir\u00e1 un vac\u00edo institucional.<\/p>\n\n\n\n<p>Por ello, solicit\u00f3 voluntad pol\u00edtica a la mandataria estatal para no publicar el Decreto en el POE o que lo vete.<\/p>\n\n\n\n<p>\u201cCon esta iniciativa de abrogaci\u00f3n de la Ley presentada por la bancada de Morena y aprobada conjuntamente con sus aliados pol\u00edticos del PT y del Partido Verde se queda un vac\u00edo institucional que permitir\u00e1 que no se apliquen estos principios constitucionales de administraci\u00f3n eficiente de los recursos, ya que la iniciativa solo propuso abrogar, no estableci\u00f3 nada en su lugar\u201d, indic\u00f3.<\/p>\n\n\n\n<p>Y puntualiz\u00f3 \u201ces oportuno, no obstante, solicitar al Poder Ejecutivo que ante tal aprobaci\u00f3n se mantenga sin publicar el Decreto correspondiente o se incline por vetarlo. Voluntad pol\u00edtica\u201d.<\/p>\n\n\n\n<p>Asegur\u00f3 que en el fondo la actitud de los diputados locales de la 4T recuerda en el colectivo imaginario situaciones como en la pel\u00edcula La Ley de Herodes, donde por tener mayor\u00eda desaparecen lo que no es de su agrado.<\/p>\n\n\n\n<p>\u201cEn el fondo esta es la actitud de \u2018como no me gusta esta Ley la quito porque tengo la mayor\u00eda para hacerlo\u2019. Nos recuerda en el imaginario colectivo a situaciones como vimos en la pel\u00edcula de la Ley de Herodes\u201d, precis\u00f3.<\/p>\n\n\n\n<p>&nbsp;El Observatorio Legislativo record\u00f3 que la promesa de la XVII Legislatura fue avalar una Ley de Austeridad que, no obstante, contin\u00faa congelada; asimismo, reiter\u00f3 que varios de los integrantes del actual parlamento buscan la reelecci\u00f3n.<\/p>\n\n\n\n<p>La Ley de Imagen Institucional fue aprobada por la XV Legislatura a propuesta de la diputada pri\u00edsta, Candy Ayuso Achach, el 26 de septiembre de 2018 y se public\u00f3 el 17 de octubre del mismo a\u00f1o, empero, sus transitorios b) y c) fueron aplazados.<\/p>\n\n\n\n<p>La Ley, de acuerdo con Candy Ayuso, fue creada para hacer eficiente el gasto p\u00fablico obligando a las autoridades a priorizar en acciones necesarias y programas urgentes en lugar de estar pintando edificios p\u00fablicos, veh\u00edculos, uniformes, mochilas y papeler\u00eda poni\u00e9ndole el logo o la marca casi personal del Gobierno en turno.<\/p>\n\n\n\n<p>El transitorio Primero dice a la letra en las fracciones mencionadas:<\/p>\n\n\n\n<p>b) La imagen institucional del Poder Legislativo del Estado de Quintana Roo, ser\u00e1&nbsp;exigible en t\u00e9rminos de la presente ley y deber\u00e1 cumplirse en su totalidad, teniendo&nbsp;como plazo para tal efecto, el mes de agosto del a\u00f1o 2024, en que culmine la H.&nbsp;XVII Legislatura del Estado.<\/p>\n\n\n\n<p>&nbsp;c) La imagen institucional del Poder Ejecutivo, deber\u00e1 cumplir en su totalidad con&nbsp;las disposiciones contenidas en el presente Decreto, teniendo como plazo fatal para&nbsp;su cumplimiento el primer d\u00eda del mes de agosto del a\u00f1o 2024. (<strong>Noticaribe<\/strong>)<\/p>\n","protected":false},"excerpt":{"rendered":"<p>CANC\u00daN, MX.-&nbsp;Luego que el Congreso local abrog\u00f3 la Ley de Imagen Institucional, el Observatorio Legislativo Quintana Roo AC pidi\u00f3 a la gobernadora, Mara Lezama, detenga la publicaci\u00f3n del Decreto en el Peri\u00f3dico Oficial del Estado (POE), o bien, aplique el veto. &nbsp;Y es que el pasado martes, en \u201cfast track\u201d, la XVII Legislatura de mayor\u00eda [&hellip;]<\/p>\n","protected":false},"author":2,"featured_media":128947,"comment_status":"open","ping_status":"open","sticky":false,"template":"","format":"standard","meta":{"footnotes":""},"categories":[60],"tags":[],"class_list":["post-128946","post","type-post","status-publish","format-standard","has-post-thumbnail","hentry","category-estatales"],"_links":{"self":[{"href":"http:\/\/elcuartopoder.com.mx\/nw\/wp-json\/wp\/v2\/posts\/128946","targetHints":{"allow":["GET"]}}],"collection":[{"href":"http:\/\/elcuartopoder.com.mx\/nw\/wp-json\/wp\/v2\/posts"}],"about":[{"href":"http:\/\/elcuartopoder.com.mx\/nw\/wp-json\/wp\/v2\/types\/post"}],"author":[{"embeddable":true,"href":"http:\/\/elcuartopoder.com.mx\/nw\/wp-json\/wp\/v2\/users\/2"}],"replies":[{"embeddable":true,"href":"http:\/\/elcuartopoder.com.mx\/nw\/wp-json\/wp\/v2\/comments?post=128946"}],"version-history":[{"count":1,"href":"http:\/\/elcuartopoder.com.mx\/nw\/wp-json\/wp\/v2\/posts\/128946\/revisions"}],"predecessor-version":[{"id":128948,"href":"http:\/\/elcuartopoder.com.mx\/nw\/wp-json\/wp\/v2\/posts\/128946\/revisions\/128948"}],"wp:featuredmedia":[{"embeddable":true,"href":"http:\/\/elcuartopoder.com.mx\/nw\/wp-json\/wp\/v2\/media\/128947"}],"wp:attachment":[{"href":"http:\/\/elcuartopoder.com.mx\/nw\/wp-json\/wp\/v2\/media?parent=128946"}],"wp:term":[{"taxonomy":"category","embeddable":true,"href":"http:\/\/elcuartopoder.com.mx\/nw\/wp-json\/wp\/v2\/categories?post=128946"},{"taxonomy":"post_tag","embeddable":true,"href":"http:\/\/elcuartopoder.com.mx\/nw\/wp-json\/wp\/v2\/tags?post=128946"}],"curies":[{"name":"wp","href":"https:\/\/api.w.org\/{rel}","templated":true}]}}