{"id":128949,"date":"2024-05-17T10:16:34","date_gmt":"2024-05-17T15:16:34","guid":{"rendered":"http:\/\/elcuartopoder.com.mx\/nw\/?p=128949"},"modified":"2024-05-17T10:16:38","modified_gmt":"2024-05-17T15:16:38","slug":"ordena-juez-federal-a-ayuntamiento-de-benito-juarez-invertir-13-mdp-en-fraccionamiento-urbi-villas","status":"publish","type":"post","link":"http:\/\/elcuartopoder.com.mx\/nw\/estatales\/ordena-juez-federal-a-ayuntamiento-de-benito-juarez-invertir-13-mdp-en-fraccionamiento-urbi-villas\/","title":{"rendered":"Ordena juez federal a Ayuntamiento de Benito Ju\u00e1rez invertir 13 mdp en fraccionamiento Urbi Villas"},"content":{"rendered":"\n<p><strong>CANC\u00daN, MX.-<\/strong>&nbsp;La organizaci\u00f3n Defendiendo el Derecho a un Medio Ambiente Sano (DMAS) revel\u00f3 que el Juzgado Quinto de Distrito le orden\u00f3 al Ayuntamiento de Benito Ju\u00e1rez invertir casi 13 millones de pesos, de la fianza entregada por la constructora Urbi, para solucionar el problema de brotes de aguas negras que actualmente afecta a 5 mil viviendas del fraccionamiento Urbi Villas del Rey.<\/p>\n\n\n\n<p>En conferencia de prensa, Antonella V\u00e1zquez Cavedon, integrante de esta organizaci\u00f3n, dijo estar parcialmente de acuerdo con esta sentencia, emitida el pasado 13 de mayo, en la que el juez orden\u00f3 al Ayuntamiento \u201ccobrarse\u201d de la fianza de la desarrolladora (misma que se queda en dep\u00f3sito o garant\u00eda para cualquier eventualidad que pueda ocurrir), a pesar de que el monto fue entregado hace m\u00e1s de 10 a\u00f1os, y por lo tanto corre el riesgo de que el recurso no alcance para realizar la obra o ya no est\u00e9 vigente.<\/p>\n\n\n\n<p>Consider\u00f3 que esta planta de tratamiento puede superar los 20 millones de pesos, es decir, casi el doble de la fianza no ejercida.<\/p>\n\n\n\n<p>Ante esta situaci\u00f3n, la activista dijo que a la brevedad interpondr\u00e1n un recurso de revisi\u00f3n para que el Juzgado Quinto de Distrito reconsidere este aspecto de su sentencia.<\/p>\n\n\n\n<figure class=\"wp-block-image\"><img decoding=\"async\" src=\"https:\/\/noticaribe.com.mx\/wp\/wp-content\/uploads\/2024\/05\/DMAS6.jpeg\" alt=\"\" class=\"wp-image-699149\"\/><\/figure>\n\n\n\n<p>AUTORIDADES OMISAS<\/p>\n\n\n\n<p>Con respecto a la audiencia de juicio, V\u00e1zquez Cavedon afirm\u00f3 que el juzgado quinto de distrito reconoci\u00f3 la omisi\u00f3n de las autoridades del gobierno municipal y estatal, en el caso del fraccionamiento Urbi de Canc\u00fan, en donde se construyeron viviendas sin red de alcantarillado.<\/p>\n\n\n\n<p>\u201cSe permiti\u00f3 que se construyeran las casas, sin percatarse que se tuvieran las obras m\u00ednimas de urbanizaci\u00f3n. Es obligaci\u00f3n del gobierno municipal y estatal vigilar que se cumpla, y por ley debieron haber vigilado antes de que se vendieran las casas. En este caso, se vendieron y provocaron que la gente \u2018correteara\u2019 a la desarrolladora, cuando es deber de las autoridades\u201d, expres\u00f3.<\/p>\n\n\n\n<p>La defensa de autoridades municipales fue tratar de desvirtuar las acusaciones de los demandantes (no reconocer la saturaci\u00f3n de aguas negras) y tratar de culpar a la desarrolladora, sin asumir su responsabilidad como gobierno.<\/p>\n\n\n\n<p>\u201cConsideramos que este argumento de \u2018que no se ha municipalizado\u2019 es inaceptable por parte de las autoridades, cuando son omisas\u201d, afirm\u00f3 la activista.<\/p>\n\n\n\n<figure class=\"wp-block-image\"><img decoding=\"async\" src=\"https:\/\/noticaribe.com.mx\/wp\/wp-content\/uploads\/2024\/05\/DMAS3.jpeg\" alt=\"\" class=\"wp-image-699150\"\/><\/figure>\n\n\n\n<p>Por su parte, Hugo Guzasola Sarabia, presidente del Comit\u00e9 de Vecinos, se\u00f1al\u00f3 que este logro sienta un precedente para los cerca de 150 fraccionamientos que est\u00e1n en las mismas circunstancias que Urbi Villas del Rey y que podr\u00edan luchar por un lugar digno para vivir y con un medio ambiente sano.<\/p>\n\n\n\n<p>\u201cEs la misma situaci\u00f3n y el mismo modus operandi de estas constructoras. Obviamente, solapadas por un sistema de desarrollo urbano que no supervisa, y en el que no existe un control\u201d, concluy\u00f3.&nbsp;<\/p>\n","protected":false},"excerpt":{"rendered":"<p>CANC\u00daN, MX.-&nbsp;La organizaci\u00f3n Defendiendo el Derecho a un Medio Ambiente Sano (DMAS) revel\u00f3 que el Juzgado Quinto de Distrito le orden\u00f3 al Ayuntamiento de Benito Ju\u00e1rez invertir casi 13 millones de pesos, de la fianza entregada por la constructora Urbi, para solucionar el problema de brotes de aguas negras que actualmente afecta a 5 mil [&hellip;]<\/p>\n","protected":false},"author":2,"featured_media":128950,"comment_status":"open","ping_status":"open","sticky":false,"template":"","format":"standard","meta":{"footnotes":""},"categories":[60],"tags":[],"class_list":["post-128949","post","type-post","status-publish","format-standard","has-post-thumbnail","hentry","category-estatales"],"_links":{"self":[{"href":"http:\/\/elcuartopoder.com.mx\/nw\/wp-json\/wp\/v2\/posts\/128949","targetHints":{"allow":["GET"]}}],"collection":[{"href":"http:\/\/elcuartopoder.com.mx\/nw\/wp-json\/wp\/v2\/posts"}],"about":[{"href":"http:\/\/elcuartopoder.com.mx\/nw\/wp-json\/wp\/v2\/types\/post"}],"author":[{"embeddable":true,"href":"http:\/\/elcuartopoder.com.mx\/nw\/wp-json\/wp\/v2\/users\/2"}],"replies":[{"embeddable":true,"href":"http:\/\/elcuartopoder.com.mx\/nw\/wp-json\/wp\/v2\/comments?post=128949"}],"version-history":[{"count":1,"href":"http:\/\/elcuartopoder.com.mx\/nw\/wp-json\/wp\/v2\/posts\/128949\/revisions"}],"predecessor-version":[{"id":128951,"href":"http:\/\/elcuartopoder.com.mx\/nw\/wp-json\/wp\/v2\/posts\/128949\/revisions\/128951"}],"wp:featuredmedia":[{"embeddable":true,"href":"http:\/\/elcuartopoder.com.mx\/nw\/wp-json\/wp\/v2\/media\/128950"}],"wp:attachment":[{"href":"http:\/\/elcuartopoder.com.mx\/nw\/wp-json\/wp\/v2\/media?parent=128949"}],"wp:term":[{"taxonomy":"category","embeddable":true,"href":"http:\/\/elcuartopoder.com.mx\/nw\/wp-json\/wp\/v2\/categories?post=128949"},{"taxonomy":"post_tag","embeddable":true,"href":"http:\/\/elcuartopoder.com.mx\/nw\/wp-json\/wp\/v2\/tags?post=128949"}],"curies":[{"name":"wp","href":"https:\/\/api.w.org\/{rel}","templated":true}]}}