{"id":128952,"date":"2024-05-17T10:20:05","date_gmt":"2024-05-17T15:20:05","guid":{"rendered":"http:\/\/elcuartopoder.com.mx\/nw\/?p=128952"},"modified":"2024-05-17T10:20:09","modified_gmt":"2024-05-17T15:20:09","slug":"movimiento-ciudadano-acusa-vandalismo-contra-su-propaganda-politica-en-chetumal","status":"publish","type":"post","link":"http:\/\/elcuartopoder.com.mx\/nw\/municipales\/movimiento-ciudadano-acusa-vandalismo-contra-su-propaganda-politica-en-chetumal\/","title":{"rendered":"Movimiento Ciudadano acusa vandalismo contra su propaganda pol\u00edtica en Chetumal"},"content":{"rendered":"\n<p>El partido&nbsp;<strong>Movimiento Ciudadano<\/strong>&nbsp;(MC) levant\u00f3 la voz ante lo que considera un acto de&nbsp;<strong>vandalismo y destrucci\u00f3n de su propaganda pol\u00edtica en la ciudad de Chetumal<\/strong>, Quintana Roo.<\/p>\n\n\n\n<p>En un comunicado de prensa emitido este jueves 16 de mayo, el partido expres\u00f3 su preocupaci\u00f3n por los recientes incidentes que han afectado su material electoral.<\/p>\n\n\n\n<blockquote class=\"wp-block-quote is-layout-flow wp-block-quote-is-layout-flow\"><p>El mensaje, dirigido a sus simpatizantes, y al p\u00fablico en general, destac\u00f3 la magnitud de los da\u00f1os:&nbsp;<em>\u00abEn las \u00faltimas 24 horas a los candidatos del partido Movimiento Ciudadano, nos han destruido nuestra propaganda pol\u00edtico-electoral, han vandalizado de forma dolosa los espectaculares de nuestros candidatos en diferentes puntos de la capital del Estado, Chetumal\u00bb<\/em>.<\/p><\/blockquote>\n\n\n\n<p><a href=\"https:\/\/images.sipse.com\/rhe7m_Sra9GncUB2VMH-G0flB90=\/fit-in\/900x500\/2024\/05\/16\/1715888326519.png\"><\/a>Movimiento Ciudadano acusa vandalismo contra su propaganda pol\u00edtica en Chetumal [Foto: Movimiento Ciudadano]<\/p>\n\n\n\n<p>En el mensaje argumentan que estos actos tienen la intenci\u00f3n de&nbsp;<strong>generar polarizaci\u00f3n y divisi\u00f3n&nbsp;<\/strong>dentro del estado, especialmente en el contexto previo a las elecciones del 02 de junio.<\/p>\n\n\n\n<p>El comunicado exige a las autoridades una investigaci\u00f3n exhaustiva:<\/p>\n\n\n\n<blockquote class=\"wp-block-quote is-layout-flow wp-block-quote-is-layout-flow\"><p><em>\u00abEXIGIMOS a las autoridades se investiguen estos hechos que atentan no solo contra nuestros candidatos, sino contra los miles de ciudadanos que apoyan el movimiento que hoy encabezamos\u00bb, se lee<\/em>.<\/p><\/blockquote>\n\n\n\n<p>Adem\u00e1s,&nbsp;MC adjunt\u00f3 im\u00e1genes que muestran&nbsp;<strong>lonas con los rostros de los militantes de MC rasgadas y destruidas&nbsp;<\/strong>en diferentes puntos de la ciudad, como evidencia de los da\u00f1os causados.<\/p>\n\n\n\n<p>Ante esta situaci\u00f3n, el partido Movimiento Ciudadano solicita a las autoridades una investigaci\u00f3n para identificar y castigar a los responsables de estos actos delictivos.<\/p>\n\n\n\n<blockquote class=\"wp-block-quote is-layout-flow wp-block-quote-is-layout-flow\"><p>\u00abYa basta de perseguir, denostar y querer frenar la voluntad de los quintanarroenses, ya basta de ataques, guerra sucia y persecuci\u00f3n, es tiempo de los ciudadanos, es tiempo de Movimiento Ciudadano\u00bb, concluye el comunicado.<\/p><\/blockquote>\n\n\n\n<p>Fuente: SIPSE<\/p>\n","protected":false},"excerpt":{"rendered":"<p>El partido&nbsp;Movimiento Ciudadano&nbsp;(MC) levant\u00f3 la voz ante lo que considera un acto de&nbsp;vandalismo y destrucci\u00f3n de su propaganda pol\u00edtica en la ciudad de Chetumal, Quintana Roo. En un comunicado de prensa emitido este jueves 16 de mayo, el partido expres\u00f3 su preocupaci\u00f3n por los recientes incidentes que han afectado su material electoral. El mensaje, dirigido [&hellip;]<\/p>\n","protected":false},"author":2,"featured_media":128953,"comment_status":"open","ping_status":"open","sticky":false,"template":"","format":"standard","meta":{"footnotes":""},"categories":[6],"tags":[],"class_list":["post-128952","post","type-post","status-publish","format-standard","has-post-thumbnail","hentry","category-municipales"],"_links":{"self":[{"href":"http:\/\/elcuartopoder.com.mx\/nw\/wp-json\/wp\/v2\/posts\/128952","targetHints":{"allow":["GET"]}}],"collection":[{"href":"http:\/\/elcuartopoder.com.mx\/nw\/wp-json\/wp\/v2\/posts"}],"about":[{"href":"http:\/\/elcuartopoder.com.mx\/nw\/wp-json\/wp\/v2\/types\/post"}],"author":[{"embeddable":true,"href":"http:\/\/elcuartopoder.com.mx\/nw\/wp-json\/wp\/v2\/users\/2"}],"replies":[{"embeddable":true,"href":"http:\/\/elcuartopoder.com.mx\/nw\/wp-json\/wp\/v2\/comments?post=128952"}],"version-history":[{"count":1,"href":"http:\/\/elcuartopoder.com.mx\/nw\/wp-json\/wp\/v2\/posts\/128952\/revisions"}],"predecessor-version":[{"id":128954,"href":"http:\/\/elcuartopoder.com.mx\/nw\/wp-json\/wp\/v2\/posts\/128952\/revisions\/128954"}],"wp:featuredmedia":[{"embeddable":true,"href":"http:\/\/elcuartopoder.com.mx\/nw\/wp-json\/wp\/v2\/media\/128953"}],"wp:attachment":[{"href":"http:\/\/elcuartopoder.com.mx\/nw\/wp-json\/wp\/v2\/media?parent=128952"}],"wp:term":[{"taxonomy":"category","embeddable":true,"href":"http:\/\/elcuartopoder.com.mx\/nw\/wp-json\/wp\/v2\/categories?post=128952"},{"taxonomy":"post_tag","embeddable":true,"href":"http:\/\/elcuartopoder.com.mx\/nw\/wp-json\/wp\/v2\/tags?post=128952"}],"curies":[{"name":"wp","href":"https:\/\/api.w.org\/{rel}","templated":true}]}}