{"id":128955,"date":"2024-05-17T10:22:44","date_gmt":"2024-05-17T15:22:44","guid":{"rendered":"http:\/\/elcuartopoder.com.mx\/nw\/?p=128955"},"modified":"2024-05-17T10:22:46","modified_gmt":"2024-05-17T15:22:46","slug":"cancun-mujer-y-sus-bebes-quedan-desamparados-tras-incendio-provocado-por-expareja","status":"publish","type":"post","link":"http:\/\/elcuartopoder.com.mx\/nw\/municipales\/cancun-mujer-y-sus-bebes-quedan-desamparados-tras-incendio-provocado-por-expareja\/","title":{"rendered":"Canc\u00fan: mujer y sus beb\u00e9s quedan desamparados tras incendio provocado por expareja"},"content":{"rendered":"\n<p>Una tragedia afect\u00f3 a una<strong>&nbsp;mujer y sus dos beb\u00e9s en Canc\u00fan<\/strong>&nbsp;ayer mi\u00e9rcoles 15 de mayo, cuando su expareja provoc\u00f3 un incendio que consumi\u00f3 por completo su vivienda en el&nbsp;<strong>fraccionamiento Las Palmas<\/strong>,&nbsp;<strong>Regi\u00f3n 259<\/strong>, sobre la calle Africana.<\/p>\n\n\n\n<p>El despiadado acto dej\u00f3 a la<strong>&nbsp;v\u00edctima y sus hijos en la calle<\/strong>, mientras las llamas devoraban todo lo que con tanto esfuerzo hab\u00eda logrado para su familia. La valiente madre pudo poner a salvo a sus peque\u00f1os, pero qued\u00f3 desamparada, viendo c\u00f3mo el&nbsp;<strong>fuego arrasaba con sus pertenencias<\/strong>.<\/p>\n\n\n\n<p>Afortunadamente, al d\u00eda siguiente, con la ayuda de una amiga, la mujer logr\u00f3 sacar los restos del incendio al patio y resguardar a sus ni\u00f1os. Sin embargo, enfrenta una\u00a0<strong>situaci\u00f3n dif\u00edcil al perder su hogar y sus posesiones<\/strong>.<\/p>\n\n\n\n<p>Ante esta dif\u00edcil situaci\u00f3n, la madre hace un llamado a la solidaridad, solicitando ayuda en forma de<strong>&nbsp;ropa para sus hijos<\/strong>&nbsp;o<strong>&nbsp;cualquier art\u00edculo&nbsp;<\/strong>que pueda contribuir a reconstruir su vida.<\/p>\n\n\n\n<p>Por otro lado, el paradero del sujeto responsable del incendio sigue siendo desconocido, pero se espera que la mujer presente una denuncia para que la ley pueda tomar medidas contra \u00e9l.<\/p>\n\n\n\n<p>Debido al trauma sufrido por la v\u00edctima, autoridades le aconsejaron buscar apoyo en el Instituto Quintanarroense de la Mujer (IQM), donde podr\u00e1 recibir asistencia psicol\u00f3gica y asesoramiento legal para enfrentar esta dif\u00edcil situaci\u00f3n.<\/p>\n\n\n\n<p>Con informaci\u00f3n de&nbsp;<strong>De Peso Quintana Roo<\/strong>.<\/p>\n","protected":false},"excerpt":{"rendered":"<p>Una tragedia afect\u00f3 a una&nbsp;mujer y sus dos beb\u00e9s en Canc\u00fan&nbsp;ayer mi\u00e9rcoles 15 de mayo, cuando su expareja provoc\u00f3 un incendio que consumi\u00f3 por completo su vivienda en el&nbsp;fraccionamiento Las Palmas,&nbsp;Regi\u00f3n 259, sobre la calle Africana. El despiadado acto dej\u00f3 a la&nbsp;v\u00edctima y sus hijos en la calle, mientras las llamas devoraban todo lo que [&hellip;]<\/p>\n","protected":false},"author":2,"featured_media":128956,"comment_status":"open","ping_status":"open","sticky":false,"template":"","format":"standard","meta":{"footnotes":""},"categories":[6],"tags":[],"class_list":["post-128955","post","type-post","status-publish","format-standard","has-post-thumbnail","hentry","category-municipales"],"_links":{"self":[{"href":"http:\/\/elcuartopoder.com.mx\/nw\/wp-json\/wp\/v2\/posts\/128955","targetHints":{"allow":["GET"]}}],"collection":[{"href":"http:\/\/elcuartopoder.com.mx\/nw\/wp-json\/wp\/v2\/posts"}],"about":[{"href":"http:\/\/elcuartopoder.com.mx\/nw\/wp-json\/wp\/v2\/types\/post"}],"author":[{"embeddable":true,"href":"http:\/\/elcuartopoder.com.mx\/nw\/wp-json\/wp\/v2\/users\/2"}],"replies":[{"embeddable":true,"href":"http:\/\/elcuartopoder.com.mx\/nw\/wp-json\/wp\/v2\/comments?post=128955"}],"version-history":[{"count":1,"href":"http:\/\/elcuartopoder.com.mx\/nw\/wp-json\/wp\/v2\/posts\/128955\/revisions"}],"predecessor-version":[{"id":128957,"href":"http:\/\/elcuartopoder.com.mx\/nw\/wp-json\/wp\/v2\/posts\/128955\/revisions\/128957"}],"wp:featuredmedia":[{"embeddable":true,"href":"http:\/\/elcuartopoder.com.mx\/nw\/wp-json\/wp\/v2\/media\/128956"}],"wp:attachment":[{"href":"http:\/\/elcuartopoder.com.mx\/nw\/wp-json\/wp\/v2\/media?parent=128955"}],"wp:term":[{"taxonomy":"category","embeddable":true,"href":"http:\/\/elcuartopoder.com.mx\/nw\/wp-json\/wp\/v2\/categories?post=128955"},{"taxonomy":"post_tag","embeddable":true,"href":"http:\/\/elcuartopoder.com.mx\/nw\/wp-json\/wp\/v2\/tags?post=128955"}],"curies":[{"name":"wp","href":"https:\/\/api.w.org\/{rel}","templated":true}]}}