{"id":128983,"date":"2024-05-20T11:32:30","date_gmt":"2024-05-20T16:32:30","guid":{"rendered":"http:\/\/elcuartopoder.com.mx\/nw\/?p=128983"},"modified":"2024-05-20T11:32:34","modified_gmt":"2024-05-20T16:32:34","slug":"rosalia-se-convierte-en-la-primera-espanola-embajadora-mundial-de-dior","status":"publish","type":"post","link":"http:\/\/elcuartopoder.com.mx\/nw\/entretenimiento\/espectaculos\/rosalia-se-convierte-en-la-primera-espanola-embajadora-mundial-de-dior\/","title":{"rendered":"Rosal\u00eda se convierte en la primera espa\u00f1ola embajadora mundial de Dior"},"content":{"rendered":"\n<p>La imagen de hace tan solo unos d\u00edas de\u00a0Rosal\u00eda en la Gala Met\u00a0con un espectacular estilismo en color negro firmado por Dior, un conjunto impecable de la Maison que capitanea\u00a0<strong>Maria Grazia Chiuri<\/strong>, con un top de raso abotonado e inspirado en la silueta<strong>\u00a0New Look que Christian Dior<\/strong>\u00a0present\u00f3 en 1947 y que combin\u00f3 con una falda l\u00e1piz de tallo alto, queda ya para el archivo hist\u00f3rico de la moda en lo que era el preludio de una colaboraci\u00f3n que va a dar mucho que hablar.<\/p>\n\n\n\n<p>Dior anunciaba con un retrato de la catalana, fotografiada por\u00a0<strong>Collier Schorr<\/strong>\u00a0y vestida por la casa que\u00a0Rosal\u00eda\u00a0ser\u00e1 la nueva embajadora mundial de Dior y el rostro de la\u00a0<strong>campa\u00f1a Lady Dior.<\/strong>\u00a0\u00abCelebrando la apasionante sinergia entre la moda, la actuaci\u00f3n y la m\u00fasica, la Maison est\u00e1 encantada de anunciar que la cantautora ganadora de un Grammy Rosal\u00eda ser\u00e1 su nueva emabajadora. Explorando tanto la emoci\u00f3n espont\u00e1nea del color como la profunda intensidad del blanco y negro, estos retratos de Collier Schorr, su singularidad natural y su aura magn\u00e9tica brillan en cada conjunto atemporal de\u00a0<strong>Maria Grazia Chiuri<\/strong>\u00ab, escrib\u00edan desde la firma en el comunicado.<\/p>\n\n\n\n<p>En un marco \u00edntimo, con un micr\u00f3fono y un piano &#8211; un homenaje al directo y a los apasionados v\u00ednculos entre la moda, el escenario y la m\u00fasica &#8211; la polifac\u00e9tica cantante espa\u00f1ola se revela, sublimemente solar.<strong>\u00a0Entre luces y sombras<\/strong>, el artista y fot\u00f3grafo americano capta con elocuencia la singularidad natural de\u00a0Rosal\u00eda, su aura magn\u00e9tica, su manera de hacer suya el Lady Dior, irradiando las m\u00faltiples expresiones de la elegancia.<\/p>\n\n\n\n<p>Rosal\u00eda sigue as\u00ed los pasos de otras celebrities internacionales como\u00a0<strong>Anya Taylor-Joy, Marion Cotillard o Beatrice Borromeo<\/strong>. \u00abMe enamor\u00e9 de la m\u00fasica de Rosal\u00eda desde el primer momento. Despu\u00e9s, descubr\u00ed su trabajo m\u00e1s a fondo y me qued\u00e9 impresionada por su dedicaci\u00f3n tanto como m\u00fasica como productora\u00bb, ha afirmado\u00a0<strong>Maria Grazia Chiuri,<\/strong>\u00a0directora creativa de Dior.<\/p>\n\n\n\n<h3 class=\"wp-block-heading\">Un bolso ic\u00f3nico e hist\u00f3rico<\/h3>\n\n\n\n<p>La primera campa\u00f1a de Rosal\u00eda para la firma es como imagen del\u00a0<strong>Lady Dior<\/strong>, uno de sus bolsos m\u00e1s ic\u00f3nicos y reconocibles de la marca y el que fuera uno de los favoritos de la princesa\u00a0<strong>Lady Di<\/strong>, a quien debe su nombre. S\u00edmbolo y leyenda, el Lady Dior encarna la esencia y la excelencia del estilo Dior. Revisitado temporada tras temporada por\u00a0<strong>Maria Grazia Chiuri<\/strong>, se revela en nuevas variaciones, tejiendo lazos alqu\u00edmicos y fundadores entre herencia y reinvenci\u00f3n, enraizados en el coraz\u00f3n de la identidad de la Maison. Se trata de un accesorio ic\u00f3nico enriquecido por una campa\u00f1a exclusiva que celebra las m\u00faltiples facetas de la feminidad; una cautivadora alianza creativa con\u00a0<strong>Rosal\u00eda<\/strong>.<\/p>\n\n\n\n<p>El arte de la pureza subraya la silueta arquitect\u00f3nica de este bolso excepcional, objeto de deseo intemporal. Su piel &#8211; mate o charol &#8211; cosida con las l\u00edneas del\u00a0<strong>emblem\u00e1tico cannage<\/strong>, sus preciosos acabados, revelan el savoir-faire \u00fanico de los talleres de la Maison. S\u00edmbolo y leyenda, el Lady Dior apareci\u00f3 por primera vez colgado del brazo de<strong>\u00a0Lady Di<\/strong>\u00a0y goz\u00f3 de un destino extraordinario a partir de ese momento. En septiembre de 1995, durante la inauguraci\u00f3n de la retrospectiva de\u00a0<strong>Paul C\u00e9zanne<\/strong>\u00a0en el Grand Palais de Par\u00eds, la primera dama de Francia le regal\u00f3 un bolso Dior que a\u00fan no hab\u00eda salido al mercado, y que por entonces se llamaba\u00a0<strong>&#8216;Chouchou&#8217;.<\/strong><\/p>\n\n\n\n<p>Durante una visita oficial a Argentina en noviembre de ese mismo a\u00f1o, la princesa apareci\u00f3 con el bolso cuando bajaba del avi\u00f3n en Buenos Aires. La escena fue inmortalizada es una<strong>\u00a0foto ic\u00f3nica que dio la vuelta al mundo<\/strong>. El accesorio se convirti\u00f3 r\u00e1pidamente en uno de los favoritos de Lady Di y lo llevaba en todas sus apariciones, hasta tal punto que pidi\u00f3 una versi\u00f3n azul marino a juego con sus ojos. Gracias a esta madrina excepcional, apasionada de este objeto de deseo por sus curvas modernas y elegantes y\u00a0<strong>\u00abporque le quedaba bien\u00bb,<\/strong>\u00a0su nombre pas\u00f3 a ser Lady Dior.<\/p>\n\n\n\n<p>Fuente: ABC<\/p>\n","protected":false},"excerpt":{"rendered":"<p>La imagen de hace tan solo unos d\u00edas de\u00a0Rosal\u00eda en la Gala Met\u00a0con un espectacular estilismo en color negro firmado por Dior, un conjunto impecable de la Maison que capitanea\u00a0Maria Grazia Chiuri, con un top de raso abotonado e inspirado en la silueta\u00a0New Look que Christian Dior\u00a0present\u00f3 en 1947 y que combin\u00f3 con una falda [&hellip;]<\/p>\n","protected":false},"author":2,"featured_media":128984,"comment_status":"open","ping_status":"open","sticky":false,"template":"","format":"standard","meta":{"footnotes":""},"categories":[11],"tags":[],"class_list":["post-128983","post","type-post","status-publish","format-standard","has-post-thumbnail","hentry","category-espectaculos"],"_links":{"self":[{"href":"http:\/\/elcuartopoder.com.mx\/nw\/wp-json\/wp\/v2\/posts\/128983","targetHints":{"allow":["GET"]}}],"collection":[{"href":"http:\/\/elcuartopoder.com.mx\/nw\/wp-json\/wp\/v2\/posts"}],"about":[{"href":"http:\/\/elcuartopoder.com.mx\/nw\/wp-json\/wp\/v2\/types\/post"}],"author":[{"embeddable":true,"href":"http:\/\/elcuartopoder.com.mx\/nw\/wp-json\/wp\/v2\/users\/2"}],"replies":[{"embeddable":true,"href":"http:\/\/elcuartopoder.com.mx\/nw\/wp-json\/wp\/v2\/comments?post=128983"}],"version-history":[{"count":1,"href":"http:\/\/elcuartopoder.com.mx\/nw\/wp-json\/wp\/v2\/posts\/128983\/revisions"}],"predecessor-version":[{"id":128985,"href":"http:\/\/elcuartopoder.com.mx\/nw\/wp-json\/wp\/v2\/posts\/128983\/revisions\/128985"}],"wp:featuredmedia":[{"embeddable":true,"href":"http:\/\/elcuartopoder.com.mx\/nw\/wp-json\/wp\/v2\/media\/128984"}],"wp:attachment":[{"href":"http:\/\/elcuartopoder.com.mx\/nw\/wp-json\/wp\/v2\/media?parent=128983"}],"wp:term":[{"taxonomy":"category","embeddable":true,"href":"http:\/\/elcuartopoder.com.mx\/nw\/wp-json\/wp\/v2\/categories?post=128983"},{"taxonomy":"post_tag","embeddable":true,"href":"http:\/\/elcuartopoder.com.mx\/nw\/wp-json\/wp\/v2\/tags?post=128983"}],"curies":[{"name":"wp","href":"https:\/\/api.w.org\/{rel}","templated":true}]}}